{"id":298216,"date":"2011-06-10T06:20:38","date_gmt":"2011-06-10T04:20:38","guid":{"rendered":"https:\/\/www.focolare.org\/ityouth-in-action-educazione-ai-media-ed-europaenyouth-in-action-media-education-and-europadeyouth-in-action-europa-und-umgang-mit-medienesjovenes-en-accion-medios-educacion-y-euro\/"},"modified":"2024-05-13T21:02:38","modified_gmt":"2024-05-13T19:02:38","slug":"ityouth-in-action-educazione-ai-media-ed-europaenyouth-in-action-media-education-and-europadeyouth-in-action-europa-und-umgang-mit-medienesjovenes-en-accion-medios-educacion-y-euro","status":"publish","type":"post","link":"https:\/\/www.focolare.org\/fr\/ityouth-in-action-educazione-ai-media-ed-europaenyouth-in-action-media-education-and-europadeyouth-in-action-europa-und-umgang-mit-medienesjovenes-en-accion-medios-educacion-y-euro\/","title":{"rendered":"[:it]\u00a0\u00bbYouth in Action\u00a0\u00bb: Educazione ai media ed Europa[:en]Youth in Action: Media Education and Europa[:de]\u00a0\u00bbYouth in action\u00a0\u00bb: Europa und Umgang mit Medien[:es]J\u00f3venes en Acci\u00f3n: Medios Educaci\u00f3n y Europa[:pt]Jovens em A\u00e7\u00e3o: Educa\u00e7\u00e3o para a M\u00eddia e Europa[:zh]\u9752\u5e74\u5728\u884c\u52d5\uff1a\u5a92\u9ad4\u6559\u80b2\u8207\u6b50\u6d32"},"content":{"rendered":"<p><\/p>\n","protected":false},"excerpt":{"rendered":"<p>NetOne, una red internacional de profesionales, estudiantes y trabajadores de los medios, de regreso despu\u00e9s de News&amp;You, un seminario de Medios y Educaci\u00f3n, desarrollado del 1 al 5 de junio de 2011 en Abrigada cerca de Lisboa.<\/p>\n","protected":false},"author":27,"featured_media":0,"comment_status":"open","ping_status":"open","sticky":false,"template":"","format":"standard","meta":{"give_campaign_id":0,"_seopress_robots_primary_cat":"","_seopress_titles_title":"","_seopress_titles_desc":"","_seopress_robots_index":"","_et_pb_use_builder":"","_et_pb_old_content":"","_et_gb_content_width":"","footnotes":""},"categories":[906],"tags":[],"class_list":["post-298216","post","type-post","status-publish","format-standard","hentry","category-focolare-worldwide-2-3"],"_links":{"self":[{"href":"https:\/\/www.focolare.org\/fr\/wp-json\/wp\/v2\/posts\/298216","targetHints":{"allow":["GET"]}}],"collection":[{"href":"https:\/\/www.focolare.org\/fr\/wp-json\/wp\/v2\/posts"}],"about":[{"href":"https:\/\/www.focolare.org\/fr\/wp-json\/wp\/v2\/types\/post"}],"author":[{"embeddable":true,"href":"https:\/\/www.focolare.org\/fr\/wp-json\/wp\/v2\/users\/27"}],"replies":[{"embeddable":true,"href":"https:\/\/www.focolare.org\/fr\/wp-json\/wp\/v2\/comments?post=298216"}],"version-history":[{"count":0,"href":"https:\/\/www.focolare.org\/fr\/wp-json\/wp\/v2\/posts\/298216\/revisions"}],"wp:attachment":[{"href":"https:\/\/www.focolare.org\/fr\/wp-json\/wp\/v2\/media?parent=298216"}],"wp:term":[{"taxonomy":"category","embeddable":true,"href":"https:\/\/www.focolare.org\/fr\/wp-json\/wp\/v2\/categories?post=298216"},{"taxonomy":"post_tag","embeddable":true,"href":"https:\/\/www.focolare.org\/fr\/wp-json\/wp\/v2\/tags?post=298216"}],"curies":[{"name":"wp","href":"https:\/\/api.w.org\/{rel}","templated":true}]}}