{"id":298250,"date":"2011-07-13T07:45:14","date_gmt":"2011-07-13T05:45:14","guid":{"rendered":"https:\/\/www.focolare.org\/maria-voce-vers-la-nouvelle-rencontre-entre-les-religions-a-assise\/"},"modified":"2024-05-13T21:02:42","modified_gmt":"2024-05-13T19:02:42","slug":"maria-voce-vers-la-nouvelle-rencontre-entre-les-religions-a-assise","status":"publish","type":"post","link":"https:\/\/www.focolare.org\/fr\/maria-voce-vers-la-nouvelle-rencontre-entre-les-religions-a-assise\/","title":{"rendered":"Maria Voce: vers la  nouvelle rencontre entre les religions \u00e0 Assise"},"content":{"rendered":"<p><strong>Vers la\u00a0 nouvelle rencontre entre les religions \u00e0 Assise. Rendez-vous avec les surprises de l\u2019Esprit.<\/strong><\/p>\n<p><img alt=\"\" alt=\"\" loading=\"lazy\" decoding=\"async\" class=\"size-full wp-image-41593  alignright\" style=\"border: 0pt none;margin: 5px\" src=\"https:\/\/www.focolare.org\/wp-content\/uploads\/2011\/07\/20110713-02.jpg\" alt=\"\" width=\"300\" height=\"197\" \/><\/p>\n<p><strong>Avant tout, je voudrais exprimer ma, notre joie et remerciements \u00e0 Beno\u00eet XVI<\/strong> d\u2019avoir convoqu\u00e9 cette nouvelle grande rencontre dans la ville de saint Fran\u00e7ois, cette joie qui na\u00eet devant une inspiration qui marquera certainement une nouvelle acc\u00e9l\u00e9ration et profondeur pour vivre nos propres convictions religieuses au service de la paix. C\u2019est absolument urgent, alors qu\u2019aujourd\u2019hui est diffus\u00e9e de fa\u00e7on absurde la peur de la religion, naturellement source vitale de paix, lui attribuant la cause premi\u00e8re des nombreux conflits, tensions, phobies, intol\u00e9rances et pers\u00e9cutions \u00e0 fond religieux qui pullulent dans le monde.<\/p>\n<p>Sans aucun doute, en ces temps de profonds bouleversements, \u00ables murs dans lesquels vivaient les diff\u00e9rentes civilisations avec leurs cultures sont en train de s\u2019effriter\u00bb, comme l\u2019observe le philosophe Giuseppe Zangh\u00ec. Mais en m\u00eame temps \u00aben fait, une ville-monde sans mur, charg\u00e9e d\u2019esp\u00e9rance, se profile \u00e0 l\u2019horizon\u00bb.<\/p>\n<p><strong>C\u2019est la vision expos\u00e9e par Chiara Lubich \u00e0 Londres en 2004, <\/strong>devant un parterre s\u00e9r\u00e9 o\u00f9 des repr\u00e9sentants de nombreuses religions \u00e9taient pr\u00e9sents. En r\u00e9ponse aux interrogations du futur qui attend la soci\u00e9t\u00e9 multiculturelle, multiethnique et multireligieuse de notre temps, devant les risques de choc de civilisation, elle avait rappel\u00e9 la vision de saint Augustin au moment de l\u2019\u00e9croulement de l\u2019empire romain sous la pression de la migration des peuples: non pas la fin d\u2019une civilisation, mais la naissance d\u2019un nouveau monde.<\/p>\n<p><strong>Un monde nouveau en train de na\u00eetre non sans peine<\/strong>. D\u00e9j\u00e0 au d\u00e9but des ann\u00e9es soixante-dix, Chiara saisissait le vent du \u00absens d\u2019incertitude p\u00e9nible, de souffrance \u2014 disait-elle \u2014 que l\u2019humanit\u00e9 sent plus ou moins et sentira alors que les diff\u00e9rents points de la terre seront secou\u00e9s par cet impact avec les autres peuples m\u00e9connus auparavant\u00bb. En s\u2019adressant \u00e0 des jeunes lors d\u2019un congr\u00e8s international, elle avait demand\u00e9 de \u00abne pas fermer les yeux devant ce travail de l\u2019humanit\u00e9, mais d\u2019entrer consciemment dans l\u2019enfantement du nouveau monde\u00bb. \u00abVous \u00eates ici \u2014 avait-elle ajout\u00e9 \u2014 pour vous former \u00e0 une \u201cmentalit\u00e9-monde\u201d, pour devenir \u201chomme-monde\u201d\u00bb.<\/p>\n<p>Pour un court moment, la vision de ce nouveau monde est devenue r\u00e9alit\u00e9 il y a juste vingt-cinq ans, lors de la premi\u00e8re rencontre historique des responsables religieux du monde \u00e0 Assise. Peu de mois apr\u00e8s, la veille de No\u00ebl 1986, dans un discours dense adress\u00e9 \u00e0 ses plus proches collaborateurs de la Curie romaine, Jean-Paul II en y faisant allusion s\u2019exprimait ainsi: \u00abOn aurait dit que, pour un instant, ce soit exprim\u00e9e m\u00eame visiblement l\u2019unit\u00e9 cach\u00e9e mais radicale que le Verbe divin, \u00a0\u201cen qui tout fut cr\u00e9\u00e9 et en qui tout subsiste\u201d, a \u00e9tabli entre les hommes et les femmes de ce monde\u00bb. Une vision qui embrasse le pr\u00e9sent\u00a0: \u00abceux qui maintenant partagent les inqui\u00e9tudes et les joies de cette fin de XX<sup>\u00e8me<\/sup> si\u00e8cle\u00bb, mais aussi le pass\u00e9 et le futur: \u00abm\u00eame ceux qui nous ont pr\u00e9c\u00e9d\u00e9s dans l\u2019histoire et ceux qui prendront notre place \u201cjusqu\u2019\u00e0 ce que vienne le Seigneur\u201d\u00bb.<\/p>\n<p><strong>C\u2019est la grande vision du dessein de Dieu sur le genre humain, illustr\u00e9e par le concile Vatican II,<\/strong> dessin\u00e9e depuis les premi\u00e8res lignes de <em>Nostra aetate<\/em>: \u00abdiff\u00e9rents peuples\u00bb, mais \u00abune seule communaut\u00e9\u00bb \u00e9tendue sur toute la face de la terre, qui, \u00e0 Assise, est devenue visible. Le bienheureux Jean-Paul II l\u2019a approfondi dans tout ce discours dense. C\u2019est une \u00abunit\u00e9 radicale\u00bb \u2014 affirme-t-il \u2014 \u00abqui se fonde sur le myst\u00e8re de la cr\u00e9ation divine et appartient \u00e0 l\u2019identit\u00e9 m\u00eame de l\u2019\u00eatre humain\u00bb. \u00abTous les hommes \u2014 poursuit-il en reprenant les textes conciliaires \u2014 sont appel\u00e9s \u00e0 l\u2019unit\u00e9 du peuple de Dieu qui pr\u00e9figure et promeut la paix universelle\u00bb.<\/p>\n<p><strong>Une perspective qui jette une nouvelle lumi\u00e8re sur la mission de l\u2019Eglise <\/strong>trac\u00e9e par le concile: d\u2019\u00ab\u00eatre un germe d\u2019unit\u00e9 et d\u2019esp\u00e9rance pour l\u2019humanit\u00e9\u00bb et donc appel\u00e9e \u00e0 ne \u00abrien rejeter de ce qui est vrai et saint\u00bb dans les diff\u00e9rentes religions, au contraire elle est invit\u00e9e \u00e0 \u00aben souligner et \u00e0 faire progresser les authentiques valeurs spirituelles, morales et sociales\u00bb, \u00e0 cueillir en leur sein \u00ables rayons de v\u00e9rit\u00e9 qui peuvent illuminer tous les hommes\u00bb.<\/p>\n<p><strong>A pr\u00e9sent Beno\u00eet XVI rel\u00e8ve la consigne de son pr\u00e9d\u00e9cesseur <\/strong>qui, d\u00e8s ce moment-l\u00e0, invitait \u00e0 \u00abretrouver et maintenir toujours vivant l\u2019esprit d\u2019Assise en tant que motif d\u2019esp\u00e9rance pour le futur\u00bb.<\/p>\n<p><img alt=\"\" alt=\"\" loading=\"lazy\" decoding=\"async\" class=\"size-full wp-image-41594  alignleft\" style=\"border: 0pt none;margin: 5px\" src=\"https:\/\/www.focolare.org\/wp-content\/uploads\/2011\/07\/20110713-03.jpg\" alt=\"\" width=\"300\" height=\"206\" \/><\/p>\n<p><strong>En ces vingt-cinq ans, le chemin ouvert par le bienheureux Jean-Paul II<\/strong>, comme actualisation de l\u2019enseignement conciliaire, a sans aucun doute bien avanc\u00e9 gr\u00e2ce \u00e0 l\u2019action de l\u2019Esprit-Saint qui trame admirablement les paroles d\u2019enseignement et les gestes proph\u00e9tiques des Papes avec la vie de nombreux t\u00e9moins, des anciens et nouveaux charismes, des ordres monastiques et des nouveaux mouvements eccl\u00e9siaux, suscit\u00e9s par Lui dans l\u2019Eglise catholique et dans les autres Eglises et communaut\u00e9s eccl\u00e9siales.<\/p>\n<p><strong>C\u2019est Lui qui guide l\u2019histoire <\/strong>dans le d\u00e9nouement de ce grand dessein d\u2019unit\u00e9, malgr\u00e9 les nombreuses ombres qui p\u00e8sent sur notre plan\u00e8te. Nous en sommes t\u00e9moins. M\u00eame pour notre Mouvement, la page inexplor\u00e9e du dialogue interreligieux s\u2019est ouverte presque par surprise. Chiara Lubich a saisi un signe de l\u2019Esprit-Saint dans l\u2019int\u00e9r\u00eat qu\u2019a suscit\u00e9 son exp\u00e9rience spirituelle de la part des repr\u00e9sentants de diff\u00e9rentes religions pr\u00e9sents \u00e0 la Guildhall de Londres en 1979, quand le prix Templeton, pour le progr\u00e8s de la religion, lui a \u00e9t\u00e9 conf\u00e9r\u00e9.<\/p>\n<p>A partir de ce moment, il y a eu d\u2019innombrables d\u00e9veloppements en plus de trente ans. Continuellement, on a la surprise de voir comment le sentier spirituel sur lequel Dieu nous a conduit, se croise avec les autres voies spirituelles. Et, tout en maintenant notre identit\u00e9, avec un \u00e9lan missionnaire constant tels les t\u00e9moins de J\u00e9sus-Christ \u00abvoie, v\u00e9rit\u00e9 et vie\u00bb, il nous permet de nous rencontrer et de nous comprendre avec les disciples des grandes traditions religieuses de l\u2019humanit\u00e9.<\/p>\n<p><strong>C\u2019est la voie que nous exp\u00e9rimentons<\/strong>. Lorsqu\u2019en 1972, Chiara avait invit\u00e9 les jeunes \u00e0 devenir acteurs principaux de l\u2019enfantement du monde nouveau, elle leur avait remis ce qu\u2019elle d\u00e9finissait \u00eatre \u00abune puissante arme d\u2019amour\u00bb, \u00able mod\u00e8le capable\u00a0de recomposer l\u2019unit\u00e9 du monde\u00bb: J\u00e9sus crucifi\u00e9 qui crie l\u2019abandon du P\u00e8re. \u00abA vous de Le revivre pour donner un d\u00e9part indispensable et d\u00e9cisif au tournant que l\u2019humanit\u00e9 est en train d\u2019affronter\u00bb.<\/p>\n<p><img alt=\"\" alt=\"\" loading=\"lazy\" decoding=\"async\" class=\"size-full wp-image-41596 alignright\" style=\"margin-left: 10px;border: 0pt none\" src=\"https:\/\/www.focolare.org\/wp-content\/uploads\/2011\/07\/20110713-04.jpg\" alt=\"\" width=\"270\" height=\"226\" \/><\/p>\n<p><strong>Le Seigneur crucifi\u00e9 et ressuscit\u00e9 est la clef <\/strong>qui ouvre le dialogue m\u00eame dans les situations les plus difficiles. Il est le mod\u00e8le de cet amour radicalement d\u00e9sint\u00e9ress\u00e9, de cette k\u00e9nose, de ce vide d\u2019amour n\u00e9cessaire pour accueillir l\u2019autre.<\/p>\n<p>Inattendue a \u00e9t\u00e9 la demande, faite \u00e0 Chiara, d\u2019en parler aux grandes assembl\u00e9es des bouddhistes \u00e0 Tokyo, des moines et moniales bouddhistes en Tha\u00eflande, des musulmans de Harlem aux populations animistes du Cameroun. Et la m\u00eame demande s\u2019est renouvel\u00e9e pour moi, \u00e0 l\u2019occasion de mes r\u00e9cents voyages en Afrique et en Asie, et j\u2019ai de nouveau constat\u00e9 avec \u00e9tonnement combien l\u2019amour et l\u2019unit\u00e9 sont inscrits dans l\u2019ADN de chaque homme.<\/p>\n<p><strong>Aujourd\u2019hui, le dialogue entre les religions ne peut pas se limiter aux leaders, aux savants et aux sp\u00e9cialiste<\/strong>s. Il doit devenir un dialogue du peuple, un dialogue de la vie qui se r\u00e9v\u00e8le \u00eatre toujours plus indispensable pour la cohabitation pacifique dans nos villes et nos pays, nous trouvant \u00e0 y vivre coude \u00e0 coude avec des musulmans et bouddhistes, des indous et des sikhs. C\u2019est une rubrique \u00e0 d\u00e9couvrir et peut-\u00eatre \u00e0 inventer, sans se laisser effrayer par le tapage des faits d\u2019intol\u00e9rance et de violence.<\/p>\n<p>C\u2019est le t\u00e9moignage quotidien qui ouvre la route: nous l\u2019avons exp\u00e9riment\u00e9 en divers endroits du monde. Par exemple en Alg\u00e9rie, depuis les ann\u00e9es soixante, devant le tableau \u00e0 sens unique d\u2019un islam ferm\u00e9 et imp\u00e9n\u00e9trable et d\u2019une minorit\u00e9 chr\u00e9tienne en position de d\u00e9fense, un autre panorama s\u2019est ouvert: un dialogue spirituel profond entre chr\u00e9tiens et musulmans a commenc\u00e9 et a pu se d\u00e9velopper.<\/p>\n<p>\u00abTu \u00e9tais un magnifique exemple de coh\u00e9rence entre ce qu\u2019on dit, ce qu\u2019on fait et ce qu\u2019on est. Tu es venu \u00e0 notre rencontre en faisant fondre une mer de glace et en d\u00e9truisant les murs qui nous s\u00e9paraient pour construire un pont indestructible\u00bb. Ce sont les mots d\u2019un musulman, Sidi Ahmed Benchouk, alors pr\u00e9fet de la r\u00e9gion de Tlemcen, adress\u00e9 \u00e0 Ulisse Caglioni, focolarino, en Alg\u00e9rie depuis 1966, au moment de ses fun\u00e9railles \u00e0 Castel Gandolfo en 2003. Et dans une longue lettre, un groupe de musulmans \u00e9crit: \u00abIl a toujours t\u00e9moign\u00e9 sa foi. Il a \u00e9t\u00e9 le mod\u00e8le du croyant pour nous. C\u2019\u00e9tait un homme de Dieu, un homme qui fait partie de nous-m\u00eame\u00bb.<\/p>\n<p><strong>Nous avons exp\u00e9riment\u00e9 l\u2019authentique visage de l\u2019islam <\/strong>et la force de paix du dialogue \u00e9galement en d\u2019autres points cruciaux comme en Turquie, en Terre Sainte, au Liban, au Pakistan, aux Etats-Unis, sans parler de l\u2019Europe. Partout, nous connaissons des chr\u00e9tiens et\u00a0des musulmans qui t\u00e9moignent que l\u2019on peut passer de la peur de l\u2019autre \u00e0 la d\u00e9couverte de l\u2019autre, et que l\u2019on peut avoir une incidence sur la cohabitation fraternelle dans les villes. Lors d\u2019un r\u00e9cent congr\u00e8s du mouvement en Italie, un imam a d\u00e9clar\u00e9: \u00abJ\u2019ai appris \u00e0 ne pas me rendre \u00e0 la logique ami-ennemi, \u00e0 parier sur l\u2019unit\u00e9 de la famille humaine li\u00e9e par des liens d\u2019interd\u00e9pendance et de fraternit\u00e9, \u00e0 regarder l\u2019autre avec la certitude qui j\u2019y trouverai une richesse m\u00e9connue\u00bb.<\/p>\n<p>D\u00e8s \u00e0 pr\u00e9sent, suivons et prions pour le grand rendez-vous \u00e0 Assise, en octobre prochain, dans l\u2019attente des nouvelles surprises que nous r\u00e9serve l\u2019Esprit-Saint.<\/p>\n<p><strong><em>Maria Voce, Pr\u00e9sidente du Mouvement des focolari<\/em><\/strong><\/p>\n","protected":false},"excerpt":{"rendered":"<p>Un article de la pr\u00e9sidente des Focolari publi\u00e9 sur l\u2019Osservatore Romano, en pr\u00e9paration du prochain \u00e9v\u00e8nement interreligieux dans la ville de St Fran\u00e7ois.<\/p>\n","protected":false},"author":34,"featured_media":0,"comment_status":"open","ping_status":"open","sticky":false,"template":"","format":"standard","meta":{"give_campaign_id":0,"_seopress_robots_primary_cat":"","_seopress_titles_title":"","_seopress_titles_desc":"","_seopress_robots_index":"","_et_pb_use_builder":"","_et_pb_old_content":"","_et_gb_content_width":"","footnotes":""},"categories":[47],"tags":[],"class_list":["post-298250","post","type-post","status-publish","format-standard","hentry","category-non-classifiee"],"_links":{"self":[{"href":"https:\/\/www.focolare.org\/fr\/wp-json\/wp\/v2\/posts\/298250","targetHints":{"allow":["GET"]}}],"collection":[{"href":"https:\/\/www.focolare.org\/fr\/wp-json\/wp\/v2\/posts"}],"about":[{"href":"https:\/\/www.focolare.org\/fr\/wp-json\/wp\/v2\/types\/post"}],"author":[{"embeddable":true,"href":"https:\/\/www.focolare.org\/fr\/wp-json\/wp\/v2\/users\/34"}],"replies":[{"embeddable":true,"href":"https:\/\/www.focolare.org\/fr\/wp-json\/wp\/v2\/comments?post=298250"}],"version-history":[{"count":0,"href":"https:\/\/www.focolare.org\/fr\/wp-json\/wp\/v2\/posts\/298250\/revisions"}],"wp:attachment":[{"href":"https:\/\/www.focolare.org\/fr\/wp-json\/wp\/v2\/media?parent=298250"}],"wp:term":[{"taxonomy":"category","embeddable":true,"href":"https:\/\/www.focolare.org\/fr\/wp-json\/wp\/v2\/categories?post=298250"},{"taxonomy":"post_tag","embeddable":true,"href":"https:\/\/www.focolare.org\/fr\/wp-json\/wp\/v2\/tags?post=298250"}],"curies":[{"name":"wp","href":"https:\/\/api.w.org\/{rel}","templated":true}]}}