{"id":298310,"date":"2011-08-21T03:00:31","date_gmt":"2011-08-21T01:00:31","guid":{"rendered":"https:\/\/www.focolare.org\/harmonie-et-environnement\/"},"modified":"2024-05-13T21:03:00","modified_gmt":"2024-05-13T19:03:00","slug":"harmonie-et-environnement","status":"publish","type":"post","link":"https:\/\/www.focolare.org\/fr\/harmonie-et-environnement\/","title":{"rendered":"Harmonie et environnement"},"content":{"rendered":"<p><strong><em><img loading=\"lazy\" decoding=\"async\" class=\"alignleft\" style=\"border: 0pt none;margin: 5px\" src=\"..\/wp-content\/uploads\/2011\/03\/MarilenHolzhauser-a.jpg\" alt=\"\" width=\"85\" height=\"133\" \/><\/em><\/strong>  <strong>\u00ab<em> Pour nous chaque objet doit avoir sa raison<\/em> \u00bb, r\u00e9p\u00e9tait Marilen Holzhauser, une des toutes premi\u00e8res focolarines<\/strong>. Pour les premi\u00e8res compagnes de Chiara Lubich, le style de vie, l\u2019am\u00e9nagement de la maison et la fa\u00e7on de se v\u00eatir se caract\u00e9risaient par la sobri\u00e9t\u00e9 et le strict n\u00e9cessaire. Une fleur ne consomme que ce dont elle a besoin pour vivre et r\u00e9v\u00e8le ainsi sa vraie beaut\u00e9&lt;<strong> La beaut\u00e9 devient ainsi splendeur de la v\u00e9rit\u00e9<\/strong>. L\u2019harmonie dans les choses essentielles fait d\u00e9couvrir \u00ab\u00a0la beaut\u00e9 qui sauvera le monde\u00a0\u00bb, et ce monde sauvera la beaut\u00e9.  <strong>Dans la <em>Lettre \u00e0 Diogn\u00e8te<\/em>, on lit \u00e0 propos des premiers chr\u00e9tiens<\/strong> : \u00ab\u00a0 Ils vivent dans des villes grecques et barbares, suivant les cas, <strong>et tout en s\u2019adaptant aux coutumes locales pour s\u2019habiller et se nourrir, ils t\u00e9moignent d\u2019un genre de vie sociale admirable <\/strong>et sans aucun doute paradoxal\u00a0<strong>\u00bb.<\/strong>  <strong>Tout ceci se refl\u00e8te dans la vie concr\u00e8te de ceux qui adh\u00e8rent \u00e0 l\u2019\u00ab\u00a0esprit de l\u2019unit\u00e9 <\/strong>\u00bb. Par exemple, les \u00ab\u00a0Centres Mariapolis\u00a0\u00bb qui accueillent des congr\u00e8s et des sessions de formation, et les cit\u00e9s-pilotes (22 dans le monde), sont des r\u00e9alisations visant \u00e0 restaurer les rapports sociaux dans leur int\u00e9grit\u00e9 humaine. Les cr\u00e9ations artistiques des centres Ave et Azur, les rendez-vous de \u00ab\u00a0Art\u2019\u00e8\u00a0\u00bb, les \u0153uvres d\u2019art de peintres, de musiciens, de pianistes, de danseurs\u2026 veulent exprimer la nouveaut\u00e9 continuelle de Dieu, source de beaut\u00e9 et d\u2019harmonie.  <div style=\"width: 340px\" class=\"wp-caption alignright\"><a href=\"..\/wp-content\/uploads\/2011\/08\/20110818-01.jpg\"><img loading=\"lazy\" decoding=\"async\" style=\"border: 0pt none;margin: 5px\" src=\"..\/wp-content\/uploads\/2011\/08\/20110818-01.jpg\" alt=\"\" width=\"330\" height=\"240\" \/><\/a><p class=\"wp-caption-text\">Dina Figueiredo, &#039;Eucarestia&#039; - H\u00f4pital S.Chiara, Trento <\/p><\/div>  <strong>Chiara Lubich \u00e9crivait<\/strong> : <em>\u00ab\u00a0<strong>L\u2019artiste v\u00e9ritable est un \u00eatre d\u2019exception<\/strong>. Tout le monde le ressent, m\u00eame si les critiques d\u2019art sont peu nombreux, car il y a en tout homme de l\u2019admiration et de la fascination pour ce qui est beau. L\u2019artiste se rapproche, en quelque sorte, du Cr\u00e9ateur. Le v\u00e9ritable artiste poss\u00e8de sa technique de mani\u00e8re presque inconsciente. <\/em><em>Il se sert des couleurs, des notes de musique, de la pierre, comme nous nous servons de nos jambes pour marcher. L\u2019artiste se focalise au c\u0153ur de son \u00eatre, o\u00f9 il contemple une impression, une id\u00e9e, qu\u2019il veut exprimer \u00e0 l\u2019ext\u00e9rieur de lui-m\u00eame. De sorte que, dans les limites infinies de sa petitesse d\u2019homme par rapport \u00e0 Dieu, et donc dans l\u2019infinie diversit\u00e9 des deux \u00ab\u00a0cr\u00e9ations\u00a0\u00bb \u2013 si l\u2019on peut dire \u2013, l\u2019artiste est d\u2019une certaine fa\u00e7on quelqu\u2019un qui recr\u00e9e, qui cr\u00e9e \u00e0 nouveau. <\/em><em>Et les chefs-d\u2019\u0153uvre que d\u2019autres hommes ont produits pourraient \u00eatre une v\u00e9ritable \u00ab\u00a0r\u00e9cr\u00e9ation\u00a0\u00bb pour l\u2019homme. Malheureusement, les v\u00e9ritables artistes sont peu nombreux et l\u2019homme se recr\u00e9e le plus souvent par le biais de r\u00eaveries insipides au cin\u00e9ma, au th\u00e9\u00e2tre, dans les vari\u00e9t\u00e9s, o\u00f9 l\u2019art occupe g\u00e9n\u00e9ralement peu de place.<\/em>  <em>D\u2019une certaine fa\u00e7on, par ses chefs-d\u2019\u0153uvre \u2013 qui sont des jouets en comparaison avec la nature, chef-d\u2019\u0153uvre de Dieu \u2013 l\u2019artiste v\u00e9ritable nous donne le sens de l\u2019\u00eatre de Dieu et nous fait percevoir l\u2019empreinte trinitaire du Cr\u00e9ateur dans la nature\u00a0: la mati\u00e8re, la loi qui la structure (presque un \u00e9vangile de la nature) et la vie, qui est pratiquement une cons\u00e9quence de l\u2019unit\u00e9 des deux premi\u00e8res. Puis l\u2019ensemble qui, en continuant \u00e0 \u00ab\u00a0vivre\u00a0\u00bb, offre l\u2019image de l\u2019unit\u00e9 de Dieu, du Dieu des vivants. <strong>Les \u0153uvres des grands artistes ne meurent pas<\/strong>. C\u2019est \u00e0 cela qu\u2019on mesure leur grandeur, car l\u2019id\u00e9e de l\u2019artiste s\u2019est exprim\u00e9e, en un sens, de mani\u00e8re parfaite sur la toile ou dans la pierre pour composer quelque chose de vivant.\u00a0\u00bb<\/em><\/p>\n","protected":false},"excerpt":{"rendered":"<p>Cet aspect de la spiritualit\u00e9 de l\u2019unit\u00e9 exprime la beaut\u00e9 qui devient splendeur de la v\u00e9rit\u00e9, une fa\u00e7on de vivre, de meubler  une maison, de s\u2019habiller\u2026L\u2019harmonie qui fait d\u00e9couvrir  \u00ab la beaut\u00e9 qui sauvera le monde \u00bb.<\/p>\n","protected":false},"author":34,"featured_media":0,"comment_status":"open","ping_status":"open","sticky":false,"template":"","format":"standard","meta":{"give_campaign_id":0,"_seopress_robots_primary_cat":"","_seopress_titles_title":"","_seopress_titles_desc":"","_seopress_robots_index":"","_et_pb_use_builder":"","_et_pb_old_content":"","_et_gb_content_width":"","footnotes":""},"categories":[47],"tags":[],"class_list":["post-298310","post","type-post","status-publish","format-standard","hentry","category-non-classifiee"],"_links":{"self":[{"href":"https:\/\/www.focolare.org\/fr\/wp-json\/wp\/v2\/posts\/298310","targetHints":{"allow":["GET"]}}],"collection":[{"href":"https:\/\/www.focolare.org\/fr\/wp-json\/wp\/v2\/posts"}],"about":[{"href":"https:\/\/www.focolare.org\/fr\/wp-json\/wp\/v2\/types\/post"}],"author":[{"embeddable":true,"href":"https:\/\/www.focolare.org\/fr\/wp-json\/wp\/v2\/users\/34"}],"replies":[{"embeddable":true,"href":"https:\/\/www.focolare.org\/fr\/wp-json\/wp\/v2\/comments?post=298310"}],"version-history":[{"count":0,"href":"https:\/\/www.focolare.org\/fr\/wp-json\/wp\/v2\/posts\/298310\/revisions"}],"wp:attachment":[{"href":"https:\/\/www.focolare.org\/fr\/wp-json\/wp\/v2\/media?parent=298310"}],"wp:term":[{"taxonomy":"category","embeddable":true,"href":"https:\/\/www.focolare.org\/fr\/wp-json\/wp\/v2\/categories?post=298310"},{"taxonomy":"post_tag","embeddable":true,"href":"https:\/\/www.focolare.org\/fr\/wp-json\/wp\/v2\/tags?post=298310"}],"curies":[{"name":"wp","href":"https:\/\/api.w.org\/{rel}","templated":true}]}}