{"id":298488,"date":"2011-11-07T09:52:31","date_gmt":"2011-11-07T08:52:31","guid":{"rendered":"https:\/\/www.focolare.org\/bon-anniversaire-a-la-hollande\/"},"modified":"2024-05-13T21:03:45","modified_gmt":"2024-05-13T19:03:45","slug":"bon-anniversaire-a-la-hollande","status":"publish","type":"post","link":"https:\/\/www.focolare.org\/fr\/bon-anniversaire-a-la-hollande\/","title":{"rendered":"Bon anniversaire \u00e0 la Hollande!"},"content":{"rendered":"<p><strong><img alt=\"\" alt=\"\" loading=\"lazy\" decoding=\"async\" class=\"alignleft size-full wp-image-48645\" style=\"margin-right: 10px;border: 0pt\" src=\"https:\/\/www.focolare.org\/wp-content\/uploads\/2011\/11\/20111107-01.jpg\" alt=\"\" width=\"368\" height=\"226\" \/><\/strong><\/p>\n<p><strong>Le chapiteau, mont\u00e9 sur une pelouse de la<a href=\"http:\/\/focolare.netone.nl\/marienkroon.nl\/news\/index.php?start=0\" target=\"_blank\" rel=\"noopener\"> cit\u00e9-pilote Marienkroon<\/a><\/strong><strong>, est plein.<\/strong> Un premier coup d\u2019\u0153il \u00e9tonnant: 800 hommes et femmes, petits et grands, danois et hollandais, finlandais et islandais, su\u00e9dois et norv\u00e9giens, venus m\u00eame de tr\u00e8s loin, pour f\u00eater avec Maria Voce et Giancarlo Faletti l\u2019anniversaire de l\u2019arriv\u00e9e du Mouvement en Hollande.<\/p>\n<p><strong>Une question spontan\u00e9e: pourquoi est-ce que \u00e7a se passe toujours bien?<\/strong> Qu\u2019y a-t-il sous cette joie tangible qui rend fr\u00e8res toutes ces personnes de diff\u00e9rents \u00e2ges, races et convictions si vari\u00e9es? Les chants des jeunes filles sur la sc\u00e8ne sont en hollandais, mais ceux qui ne parlent pas cette langue sont aussi int\u00e9ress\u00e9s parce que, plus que les paroles, ce sont les sourires qui comptent. Le secret est qu\u2019ici on part de la vie, de l\u2019amour concret, et il est possible de se confronter \u00e0 la culture seulement apr\u00e8s \u00eatre devenus amis. Cela peut aussi venir du fait que <a href=\"https:\/\/www.focolare.org\/it\/chiara-lubich\/chi-e-chiara\/\"><strong>Chiara Lubich<\/strong><\/a> a appris \u00e0 ne jamais s\u2019arr\u00eater aux probl\u00e8mes et aux incompr\u00e9hensions, mais \u00e0 continuer, \u00e0 toujours recommencer en se voyant nouveaux chaque matin.<\/p>\n<p>L\u2019orchestre est compos\u00e9 de trois trompettes, d\u2019un violon, deux fl\u00fbtes, une batterie et un piano. <strong>Les \u00e9tapes essentielles d\u2019une aventure en cours sont retrac\u00e9es<strong>: l\u2019arriv\u00e9e des focolarini en Hollande en 1961, le Genfest de 1976 avec quatre mille jeunes, la visite de Chiara en 1982,<\/strong><\/strong> l\u2019ouverture des focolares \u00e0 Copenhague, Stockholm et Oslo dans les ann\u00e9es 80, les premiers voyages en Islande en 1989 et l\u2019arriv\u00e9e d\u2019une famille focolare de Pologne en 2010, l\u2019inauguration du nouveau Centre Mariapolis dans la cit\u00e9-pilote.<\/p>\n<p><strong>Chaque pays se pr\u00e9sente avec cr\u00e9ativit\u00e9 et fantaisie\u00a0: la Su\u00e8de<\/strong>, o\u00f9 l\u2019\u0153cum\u00e9nisme du peuple est v\u00e9cu presque sans s\u2019en rendre compte parce qu\u2019\u00e0 chaque rencontre il y a des personnes de diff\u00e9rentes \u00e9glises,<strong> la Norv\u00e8ge<\/strong>, avec l\u2019\u00e9mouvant temps de silence rappelant la trag\u00e9die du 22 juillet, la <strong>Finlande<\/strong>, de grands espaces et un pot-pourri de chansons, <strong>l\u2019Islande<\/strong> multiethnique et enfin <strong>la Hollande<\/strong>, accueillante avec sa communaut\u00e9 bien vivante. Des moments de grande unit\u00e9, telle la c\u00e9l\u00e9bration \u0153cum\u00e9nique avec le Notre P\u00e8re r\u00e9cit\u00e9 en sept langues simultan\u00e9ment.<\/p>\n<p><strong>Mgr Jan van Burgsteden<\/strong>, responsable de la Conf\u00e9rence \u00e9piscopale pour\u00a0l\u2019\u0153cum\u00e9nisme, <strong>t\u00e9moigne que <em>\u00abdepuis 50 ans le Mouvement en Hollande aide les\u00a0personnes \u00e0 vivre l\u2019Evangile.<\/em><\/strong><em> C\u2019est de l\u00e0 qu\u2019est n\u00e9, m\u00eame \u00e0 une \u00e9poque de s\u00e9cularisation, un nouvel engagement dans l\u2019Eglise, qui a aid\u00e9e cette derni\u00e8re \u00e0 d\u00e9passer la concentration des forces contre elle. J\u2019ai aussi vu \u00e0 quel point le Mouvement a r\u00e9ussi \u00e0 cr\u00e9er un \u201c<\/em> <em>\u0153cum\u00e9nisme<em> du coeur\u201d. Je suis convaincu qu\u2019un jour nous verrons briller l\u2019Eglise comme l\u2019\u00e9toile du matin parce que la Parole sera devenue vie dans toutes ses r\u00e9alit\u00e9s\u00bb.<\/em><\/em><\/p>\n<p><strong><a href=\"https:\/\/www.focolare.org\/it\/la-presidente\/\">Maria \u00a0Voce<\/a><\/strong><strong> r\u00e9pond aux diff\u00e9rentes questions.<\/strong> En voici une qui vaut pour toutes: de quoi te souviens-tu en particulier de 2011? <strong><em>\u00abEn Terre Sainte, alors que j\u2019\u00e9tais au Saint S\u00e9pulcre <\/em><\/strong><strong><em>je <\/em><\/strong><em>me suis sentie \u00e9cras\u00e9e par le mal du monde qui avait \u00e9galement \u00e9cras\u00e9 J\u00e9sus. Plus tard cependant,<\/em><strong><em> \u00e0 l\u2019improviste,<\/em><\/strong><em> <\/em><strong><em>devant le tombeau vide, la certitude que J\u00e9sus est ressuscit\u00e9, que nous pouvons le porter vivant parmi nous au monde <\/em><\/strong><em>et nous avons la chance de pouvoir le faire. Lors d\u2019un autre voyage, en Am\u00e9rique, devant ces \u00e9tendues \u00e0 l\u2019infini et autant de gens partout, d\u2019un seul coup j\u2019ai pens\u00e9 qu\u2019il y a peu de focolarini. Que peuvent-ils faire tout seuls? Deux mille personnes seront venues pour la f\u00eate\u00a0: une goutte d\u2019eau dans la mer. Pourtant, au dedans, une certitude: ne nous pr\u00e9occupons pas du nombre, ce n\u2019est pas important. Ce qui compte, c\u2019est de faire grandir J\u00e9sus parmi nous, le reste suivra\u00bb.<\/em><\/p>\n<p><em>\u00abUne journ\u00e9e riche de moments officiels<\/em> \u2013 conclu Giancarlo Faletti \u2013 <em>mais surtout <\/em><strong><em>une journ\u00e9e de famille qui donne beaucoup d\u2019espoir. <\/em><\/strong><strong><em>J\u2019emporte <\/em><\/strong><em>votre pr\u00e9sence multiethnique et multiculturelle, et cette floraison de vie. Chaque fleur a besoin d\u2019amour, de t\u00e9nacit\u00e9 et d\u2019ing\u00e9niosit\u00e9 qui sont vos caract\u00e9ristiques. D\u2019ailleurs, la fleur est l\u2019embl\u00e8me de la Hollande\u00bb.<\/em><\/p>\n<p><em>de notre envoy\u00e9<strong> Giulio Meazzini<\/strong><\/em><\/p>\n<p><strong><br \/> <\/strong><\/p>\n","protected":false},"excerpt":{"rendered":"<p>La f\u00eate pour le cinquanti\u00e8me anniversaire des Focolari aux Pays-Bas.<\/p>\n","protected":false},"author":34,"featured_media":0,"comment_status":"open","ping_status":"open","sticky":false,"template":"","format":"standard","meta":{"give_campaign_id":0,"_seopress_robots_primary_cat":"","_seopress_titles_title":"","_seopress_titles_desc":"","_seopress_robots_index":"","_et_pb_use_builder":"","_et_pb_old_content":"","_et_gb_content_width":"","footnotes":""},"categories":[906],"tags":[],"class_list":["post-298488","post","type-post","status-publish","format-standard","hentry","category-focolare-worldwide-2-3"],"_links":{"self":[{"href":"https:\/\/www.focolare.org\/fr\/wp-json\/wp\/v2\/posts\/298488","targetHints":{"allow":["GET"]}}],"collection":[{"href":"https:\/\/www.focolare.org\/fr\/wp-json\/wp\/v2\/posts"}],"about":[{"href":"https:\/\/www.focolare.org\/fr\/wp-json\/wp\/v2\/types\/post"}],"author":[{"embeddable":true,"href":"https:\/\/www.focolare.org\/fr\/wp-json\/wp\/v2\/users\/34"}],"replies":[{"embeddable":true,"href":"https:\/\/www.focolare.org\/fr\/wp-json\/wp\/v2\/comments?post=298488"}],"version-history":[{"count":0,"href":"https:\/\/www.focolare.org\/fr\/wp-json\/wp\/v2\/posts\/298488\/revisions"}],"wp:attachment":[{"href":"https:\/\/www.focolare.org\/fr\/wp-json\/wp\/v2\/media?parent=298488"}],"wp:term":[{"taxonomy":"category","embeddable":true,"href":"https:\/\/www.focolare.org\/fr\/wp-json\/wp\/v2\/categories?post=298488"},{"taxonomy":"post_tag","embeddable":true,"href":"https:\/\/www.focolare.org\/fr\/wp-json\/wp\/v2\/tags?post=298488"}],"curies":[{"name":"wp","href":"https:\/\/api.w.org\/{rel}","templated":true}]}}