{"id":298492,"date":"2011-11-08T05:00:43","date_gmt":"2011-11-08T04:00:43","guid":{"rendered":"https:\/\/www.focolare.org\/reportage\/"},"modified":"2024-05-13T21:03:46","modified_gmt":"2024-05-13T19:03:46","slug":"reportage","status":"publish","type":"post","link":"https:\/\/www.focolare.org\/fr\/reportage\/","title":{"rendered":"Reportage"},"content":{"rendered":"<table border=\"0\" align=\"center\">\n<tbody>\n<tr>\n<td><a href=\"https:\/\/www.focolare.org\/fr\/news\/2011\/11\/07\/essere-fuoco-la-giornata-dei-giovani-olandesi\/\"><img loading=\"lazy\" decoding=\"async\" src=\"https:\/\/www.focolare.org\/wp-content\/uploads\/2011\/11\/20111108-02-210x128.jpg\" alt=\"\" width=\"210\" height=\"128\" \/><\/a><\/td>\n<td>\n<div><a href=\"https:\/\/www.focolare.org\/fr\/news\/2011\/11\/07\/essere-fuoco-la-giornata-dei-giovani-olandesi\/\"><strong>\u00catre feu: la journ\u00e9e des jeunes hollandais<\/strong><\/a><\/div>\n<div>7 novembre 2011<\/div>\n<div>Avec les jeunes  catholiques hollandais, les communaut\u00e9s des Focolari des pays nordiques,  les habitants de la cit\u00e9-pilote Marienkroon: la troisi\u00e8me journ\u00e9e de  Maria Voce et Giancarlo Faletti en Hollande. Joie entre fr\u00e8res.<\/div>\n<\/td>\n<\/tr>\n<tr>\n<td><img loading=\"lazy\" decoding=\"async\" src=\"https:\/\/www.focolare.org\/wp-content\/uploads\/2011\/11\/20111107-06-210x128.jpg\" alt=\"\" width=\"210\" height=\"128\" \/><\/td>\n<td><\/td>\n<\/tr>\n<tr>\n<td><img alt=\"\" alt=\"\" loading=\"lazy\" decoding=\"async\" class=\"size-full wp-image-48762 alignnone\" style=\"margin-right: 10px;border: 0pt none\" src=\"https:\/\/www.focolare.org\/wp-content\/uploads\/2011\/11\/20111106-14a.jpg\" alt=\"\" width=\"210\" height=\"128\" \/><\/td>\n<td><strong><a href=\"..\/fr\/news\/2011\/11\/06\/olanda-con-le-comunita-dell%e2%80%99europa-del-nord\/\">Hollande: avec les communaut\u00e9s de l\u2019Europe du nord<\/a><\/strong> 6 novembre 2011 La pr\u00e9sidente des Focolari rencontre les communaut\u00e9s du Mouvement de la    Norv\u00e8ge, Su\u00e8de, Finlande, Danemark, Islande et Hollande. Entretiens   avec  quelques \u00e9v\u00eaques catholiques. Rencontre en t\u00eate-\u00e0-t\u00eate avec les   jeunes.<\/td>\n<\/tr>\n<tr>\n<td><a href=\"https:\/\/www.focolare.org\/fr\/news\/2011\/11\/04\/una-cittadella-per-l%e2%80%99olanda\/\"><img alt=\"\" alt=\"\" loading=\"lazy\" decoding=\"async\" class=\"size-full wp-image-48442 alignnone\" style=\"margin-right: 10px;border: 0pt none;margin-bottom: 20px\" src=\"https:\/\/www.focolare.org\/wp-content\/uploads\/2011\/11\/20111104-a.jpg\" alt=\"\" width=\"210\" height=\"128\" \/><\/a><\/td>\n<td>\n<div><strong><a href=\"..\/fr\/news\/2011\/11\/04\/una-cittadella-per-l%e2%80%99olanda\/\">Une cit\u00e9-pilote pour la Hollande<\/a><\/strong><\/div>\n<div>4 novembre 2011<\/div>\n<div>Les responsables du  Mouvement des Focolari, en visite aupr\u00e8s des  communaut\u00e9s de Hollande.  Leur voyage a commenc\u00e9 par Marienkroon,  jusqu\u2019\u00e0 pr\u00e9sent Centre de  spiritualit\u00e9 cistercienne et d\u00e9sormais  cit\u00e9-pilote des Focolari.<\/div>\n<\/td>\n<\/tr>\n<tr>\n<td><\/td>\n<td><\/td>\n<\/tr>\n<tr>\n<td><\/td>\n<td><\/td>\n<\/tr>\n<tr>\n<td><\/td>\n<td><\/td>\n<\/tr>\n<\/tbody>\n<\/table>\n","protected":false},"excerpt":{"rendered":"<p>Du 3 au 8 novembre la pr\u00e9sidente Maria Voce et le co-pr\u00e9sident Giancarlo Faletti sont en Hollande, o\u00f9 la communaut\u00e9 des Focolari f\u00eate le 50\u00b0 anniversaire de la naissance du Mouvement dans ce pays, avec les membres des Focolari du Danemark, Norv\u00e8ge, Su\u00e8de, Finlande et Islande. Vous pouvez suivre ici tous les \u00e9tapes de cette visite, avec le r\u00e9cit de notre envoy\u00e9 Giulio Meazzini de la revue Citt\u00e0 Nuova.<\/p>\n","protected":false},"author":33,"featured_media":0,"comment_status":"open","ping_status":"open","sticky":false,"template":"","format":"standard","meta":{"give_campaign_id":0,"_seopress_robots_primary_cat":"","_seopress_titles_title":"","_seopress_titles_desc":"","_seopress_robots_index":"","_et_pb_use_builder":"","_et_pb_old_content":"","_et_gb_content_width":"","footnotes":""},"categories":[47],"tags":[],"class_list":["post-298492","post","type-post","status-publish","format-standard","hentry","category-non-classifiee"],"_links":{"self":[{"href":"https:\/\/www.focolare.org\/fr\/wp-json\/wp\/v2\/posts\/298492","targetHints":{"allow":["GET"]}}],"collection":[{"href":"https:\/\/www.focolare.org\/fr\/wp-json\/wp\/v2\/posts"}],"about":[{"href":"https:\/\/www.focolare.org\/fr\/wp-json\/wp\/v2\/types\/post"}],"author":[{"embeddable":true,"href":"https:\/\/www.focolare.org\/fr\/wp-json\/wp\/v2\/users\/33"}],"replies":[{"embeddable":true,"href":"https:\/\/www.focolare.org\/fr\/wp-json\/wp\/v2\/comments?post=298492"}],"version-history":[{"count":0,"href":"https:\/\/www.focolare.org\/fr\/wp-json\/wp\/v2\/posts\/298492\/revisions"}],"wp:attachment":[{"href":"https:\/\/www.focolare.org\/fr\/wp-json\/wp\/v2\/media?parent=298492"}],"wp:term":[{"taxonomy":"category","embeddable":true,"href":"https:\/\/www.focolare.org\/fr\/wp-json\/wp\/v2\/categories?post=298492"},{"taxonomy":"post_tag","embeddable":true,"href":"https:\/\/www.focolare.org\/fr\/wp-json\/wp\/v2\/tags?post=298492"}],"curies":[{"name":"wp","href":"https:\/\/api.w.org\/{rel}","templated":true}]}}