{"id":312434,"date":"2017-10-09T00:10:48","date_gmt":"2017-10-08T22:10:48","guid":{"rendered":"https:\/\/www.focolare.org\/economie-de-communion-un-portail-pour-les-nouvelles-entreprises\/"},"modified":"2024-05-15T20:54:52","modified_gmt":"2024-05-15T18:54:52","slug":"economie-de-communion-un-portail-pour-les-nouvelles-entreprises","status":"publish","type":"post","link":"https:\/\/www.focolare.org\/fr\/economie-de-communion-un-portail-pour-les-nouvelles-entreprises\/","title":{"rendered":"\u00c9conomie de Communion: un portail pour les nouvelles entreprises"},"content":{"rendered":"<p><strong><a href=\"https:\/\/www.eoc-iin.org\/\" rel=\"attachment wp-att-156632\"><img loading=\"lazy\" decoding=\"async\" class=\"alignleft wp-image-156632\" src=\"https:\/\/www.focolare.org\/wp-content\/uploads\/2017\/10\/EoC_website_new.jpg\" alt=\"EoC_website_new\" width=\"300\" height=\"426\" \/><\/a>M\u00eame si l\u2019abr\u00e9viation du site semble difficile \u00e0 prononcer<\/strong>, la plateforme, gr\u00e2ce \u00e0 la simplicit\u00e9 de son graphisme lumineux et expressif, s\u2019av\u00e8re tr\u00e8s utile pour la communaut\u00e9 internationale des entrepreneurs et professionnels de l\u2019EdC qui veulent partager leurs talents et leur exp\u00e9rience, tout en favorisant le d\u00e9veloppement de nouvelles entreprises. Elle s\u2019adresse aux projets d\u2019entreprise, aux coop\u00e9ratives, aux micro-entreprises, aux associations ayant un impact social positif, mais aussi aux personnes qui veulent que leur entreprise respecte les principes \u00e9thiques et sociaux, prot\u00e8ge l\u2019environnement, fasse preuve de responsabilit\u00e9 en mati\u00e8re d\u2019inclusion sociale. La plateforme offre divers services, sp\u00e9cialement aux startups, elle constitue ainsi un pont avec toute la communaut\u00e9 internationale et permet d\u2019en faire partie. Il est facile d\u2019y participer: gr\u00e2ce au portail chaque nouvel entrepreneur souhaitant entrer dans une dynamique de collaboration et d\u2019\u00e9changes, peut b\u00e9n\u00e9ficier d\u2019un tutorat \u00e0 distance ou d\u2019un accompagnement personnalis\u00e9 pour l\u2019aider \u00e0 d\u00e9velopper son projet.  <strong>Cette offre passe \u00e0 travers un r\u00e9seau de <em>Hub<\/em>s <\/strong><em>(p\u00f4les ou<\/em> <em>plateformes de correspondance)<\/em><strong> nationaux<\/strong>. Il s\u2019agit de \u00ab\u00a0points d\u2019acc\u00e8s\u00a0\u00bb du r\u00e9seau, actuellement pr\u00e9sents dans 13 Pays <em>(Afrique, Am\u00e9rique Centrale, Am\u00e9rique du Sud et Europe)<\/em>. La mise en ligne de la plateforme a eu lieu un an apr\u00e8s l\u2019ouverture du premier <em>Hub (p\u00f4le)<\/em>. Dans ce laps de temps les <em>Hubs (p\u00f4les)<\/em> se sont multipli\u00e9s en proposant localement des cours et des ateliers de formation technique et professionnelle, ainsi qu\u2019un approfondissement des valeurs qui soutiennent le projet de l\u2019EdC. Il est alors possible d\u2019accompagner de mani\u00e8re personnalis\u00e9e et syst\u00e9matique <strong>la mise en route de nouveaux projets d\u2019entreprise<\/strong>. Si jusqu\u2019ici le rayon d\u2019action des <em>Hubs (p\u00f4les)<\/em> ne pouvait s\u2019adresser qu\u2019\u00e0 des projets ou des personnes pr\u00e9sentes sur une portion restreinte de territoire, d\u00e9sormais, gr\u00e2ce \u00e0 la plateforme (exploitable en espagnol, portugais, allemand, italien, fran\u00e7ais et anglais), la m\u00eame offre est accessible aussi \u00e0 des personnes qui ne sont pas physiquement proches d\u2019un <em>Hub (p\u00f4le) <\/em>local.  <strong>Royl\u00e1n, <\/strong>ing\u00e9nieur en t\u00e9l\u00e9communications et \u00e9lectronique, coordinateur de<strong> <em>l\u2019Hub <\/em>espagnol<\/strong>, explique<strong>: <\/strong><em>\u00ab\u00a0Transmettre les notions de base du langage d\u2019entreprise et encourager de fa\u00e7on ad\u00e9quate et concr\u00e8te les nouveaux entrepreneurs qui traversent des moments d\u2019incertitude et de doute est un d\u00e9fi tr\u00e8s enrichissant \u00e0 relever. En coordonnant les rendez-vous et les travaux des personnes qui collaborent volontairement avec les startups, j\u2019ai pu appr\u00e9cier la contribution de chacun\u00a0: c\u2019est d\u2019un grand potentiel dont nous disposons lorsque nous travaillons ensemble, anim\u00e9s par cet appel commun \u00e0 l\u2019\u00c9conomie de Communion\u00a0\u00bb.<\/em>  <strong>Chaque <em>Hub <\/em><\/strong><em>(p\u00f4le)<\/em><strong> a sa propre histoire. L\u2019Hub <\/strong><em>(p\u00f4le)<\/em><strong> du Mexique, par exemple<\/strong>, est n\u00e9 de la rencontre entre quelques activit\u00e9s \u00e9conomiques du territoire qui d\u00e9siraient se d\u00e9velopper comme micro-entreprises et le programme d\u2019incubation de l\u2019EdC. <strong>Enrique<\/strong>, producteur de confitures artisanales, a particip\u00e9 au premier atelier d\u2019incubation \u00e0 Mexico\u00a0: <em>\u00ab\u00a0L\u2019incubation m\u2019a aid\u00e9 \u00e0 progresser et \u00e0 transformer ma petite activit\u00e9 en une v\u00e9ritable entreprise\u00a0; mais en m\u00eame temps cela m\u2019a permis d\u2019avancer personnellement et en profondeur dans la culture de l\u2019EdC. En ce qui me concerne, le changement le plus grand a \u00e9t\u00e9 de commencer \u00e0 d\u00e9gager des fonds \u00e0 partir de mon activit\u00e9 en aidant des personnes en situation pr\u00e9caire. Lorsque mon entreprise grandira, nous pourrons offrir un emploi \u00e0 des personnes qui sont dans le besoin, handicap\u00e9es ou qui ne trouveraient pas de travail ailleurs. Sur le plan technique cet atelier m\u2019a aid\u00e9 \u00e0 affiner les processus de production et de conservation des produits, tout en am\u00e9liorant leur qualit\u00e9. En ce moment nous sommes en train de mettre au point toutes les autorisations n\u00e9cessaires pour entrer de fa\u00e7on plus nerveuse sur le march\u00e9\u00a0\u00bb.<\/em>  A l\u2019int\u00e9rieur de la plateforme il y a une \u00ab\u00a0aire r\u00e9serv\u00e9e\u00a0\u00bb aux entrepreneurs qui d\u00e9sirent se lier \u00e0 la communaut\u00e9 EdC. On y trouve trois secteurs diff\u00e9rents\u00a0: <strong>\u00ab\u00a0Networking\u00a0\u00bb<\/strong>, pour pr\u00e9senter ses propres projets, conna\u00eetre d\u2019autres entrepreneurs et \u00e9changer des exp\u00e9riences\u00a0; <strong>\u00ab\u00a0Wiki Toolkit\u00a0\u00bb<\/strong>, pour partager articles et vid\u00e9os\u00a0; et <strong>\u00ab\u00a0Incubation Digitale\u00a0\u00bb<\/strong>, qui s\u2019adresse \u00e0 ceux qui ont des projets mais n\u2019ont pas la possibilit\u00e9 d\u2019\u00eatre accompagn\u00e9s localement\u00a0\u00bb.  Voir <a href=\"https:\/\/eoc-iin.wixsite.com\/italiano\">sito EoC-IIN<\/a>  Source: <a href=\"http:\/\/www.edc-online.org\/\">EdC online<\/a>  &nbsp;<\/p>\n","protected":false},"excerpt":{"rendered":"<p>En ligne et en six langues: une plateforme du r\u00e9seau Economy of Communion-International Incubating Network (EoC-IIN), d\u00e9di\u00e9 aux nouvelles entreprises qui s\u2019inspirent du projet EdC.<\/p>\n","protected":false},"author":34,"featured_media":0,"comment_status":"open","ping_status":"open","sticky":false,"template":"","format":"standard","meta":{"give_campaign_id":0,"_seopress_robots_primary_cat":"","_seopress_titles_title":"","_seopress_titles_desc":"","_seopress_robots_index":"","_et_pb_use_builder":"","_et_pb_old_content":"","_et_gb_content_width":"","footnotes":""},"categories":[47],"tags":[],"class_list":["post-312434","post","type-post","status-publish","format-standard","hentry","category-non-classifiee"],"_links":{"self":[{"href":"https:\/\/www.focolare.org\/fr\/wp-json\/wp\/v2\/posts\/312434","targetHints":{"allow":["GET"]}}],"collection":[{"href":"https:\/\/www.focolare.org\/fr\/wp-json\/wp\/v2\/posts"}],"about":[{"href":"https:\/\/www.focolare.org\/fr\/wp-json\/wp\/v2\/types\/post"}],"author":[{"embeddable":true,"href":"https:\/\/www.focolare.org\/fr\/wp-json\/wp\/v2\/users\/34"}],"replies":[{"embeddable":true,"href":"https:\/\/www.focolare.org\/fr\/wp-json\/wp\/v2\/comments?post=312434"}],"version-history":[{"count":0,"href":"https:\/\/www.focolare.org\/fr\/wp-json\/wp\/v2\/posts\/312434\/revisions"}],"wp:attachment":[{"href":"https:\/\/www.focolare.org\/fr\/wp-json\/wp\/v2\/media?parent=312434"}],"wp:term":[{"taxonomy":"category","embeddable":true,"href":"https:\/\/www.focolare.org\/fr\/wp-json\/wp\/v2\/categories?post=312434"},{"taxonomy":"post_tag","embeddable":true,"href":"https:\/\/www.focolare.org\/fr\/wp-json\/wp\/v2\/tags?post=312434"}],"curies":[{"name":"wp","href":"https:\/\/api.w.org\/{rel}","templated":true}]}}