{"id":312536,"date":"2017-11-13T03:10:59","date_gmt":"2017-11-13T02:10:59","guid":{"rendered":"https:\/\/www.focolare.org\/la-pauvrete-qui-nous-interpelle\/"},"modified":"2024-05-15T20:55:11","modified_gmt":"2024-05-15T18:55:11","slug":"la-pauvrete-qui-nous-interpelle","status":"publish","type":"post","link":"https:\/\/www.focolare.org\/fr\/la-pauvrete-qui-nous-interpelle\/","title":{"rendered":"La pauvret\u00e9 qui nous interpelle"},"content":{"rendered":"<p><a href=\"https:\/\/www.focolare.org\/wp-content\/uploads\/2017\/11\/WDP_LOGO_ENG-352x555.jpg\"><img loading=\"lazy\" decoding=\"async\" class=\" wp-image-158055 alignleft\" src=\"https:\/\/www.focolare.org\/wp-content\/uploads\/2017\/11\/WDP_LOGO_ENG-352x555.jpg\" alt=\"WDP_LOGO_ENG-352x555\" width=\"171\" height=\"270\" \/><\/a>Le 19 novembre, aura lieu la 1<sup>\u00e8re<\/sup> Journ\u00e9e mondiale des pauvres, lanc\u00e9e par le pape Fran\u00e7ois pour porter l\u2019attention, avec un regard respectueux et attentif, sur toutes les personnes socialement exclues, \u00e9cart\u00e9es, marginalis\u00e9es et pour respecter un style de vie sobre, qui r\u00e9agisse \u00e0 la culture de l\u2019exclusion et du gaspillage. <em>\u00ab\u00a0Tant que Lazare g\u00eet devant la porte de notre maison <\/em>\u2013 a d\u00e9clar\u00e9 le pape \u2013 <em>il ne pourra y avoir ni justice ni paix sociale.\u00a0\u00bb<\/em>  L\u2019invitation est de s\u2019engager, surtout durant la semaine pr\u00e9c\u00e9dente, \u00e0 cr\u00e9er des moments de rencontre, d\u2019amiti\u00e9, de solidarit\u00e9 et d\u2019aide concr\u00e8te. Il est en outre demand\u00e9 d\u2019inviter les pauvres \u00e0 participer \u00e0 l\u2019Eucharistie dominicale et, ensuite, d\u2019ouvrir la porte de sa maison pour les accueillir comme des h\u00f4tes privil\u00e9gi\u00e9s. Le <strong>logo<\/strong> refl\u00e8te le sens de la journ\u00e9e, avec deux mains tendues qui se rencontrent, chacune offrant quelque chose. Deux bras qui expriment la solidarit\u00e9 et invitent \u00e0 ne pas rester sur le seuil.<\/p>\n","protected":false},"excerpt":{"rendered":"<p>Le 19 novembre, aura lieu la 1\u00e8re Journ\u00e9e mondiale des pauvres, lanc\u00e9e par le pape Fran\u00e7ois pour porter l\u2019attention, avec un regard respectueux et attentif, sur toutes les personnes socialement exclues, \u00e9cart\u00e9es, marginalis\u00e9es et pour respecter un style de vie sobre, qui r\u00e9agisse \u00e0 la culture de l\u2019exclusion et du gaspillage. \u00ab\u00a0Tant que Lazare g\u00eet [&hellip;]<\/p>\n","protected":false},"author":34,"featured_media":0,"comment_status":"open","ping_status":"open","sticky":false,"template":"","format":"standard","meta":{"give_campaign_id":0,"_seopress_robots_primary_cat":"","_seopress_titles_title":"","_seopress_titles_desc":"","_seopress_robots_index":"","_et_pb_use_builder":"","_et_pb_old_content":"","_et_gb_content_width":"","footnotes":""},"categories":[47],"tags":[],"class_list":["post-312536","post","type-post","status-publish","format-standard","hentry","category-non-classifiee"],"_links":{"self":[{"href":"https:\/\/www.focolare.org\/fr\/wp-json\/wp\/v2\/posts\/312536","targetHints":{"allow":["GET"]}}],"collection":[{"href":"https:\/\/www.focolare.org\/fr\/wp-json\/wp\/v2\/posts"}],"about":[{"href":"https:\/\/www.focolare.org\/fr\/wp-json\/wp\/v2\/types\/post"}],"author":[{"embeddable":true,"href":"https:\/\/www.focolare.org\/fr\/wp-json\/wp\/v2\/users\/34"}],"replies":[{"embeddable":true,"href":"https:\/\/www.focolare.org\/fr\/wp-json\/wp\/v2\/comments?post=312536"}],"version-history":[{"count":0,"href":"https:\/\/www.focolare.org\/fr\/wp-json\/wp\/v2\/posts\/312536\/revisions"}],"wp:attachment":[{"href":"https:\/\/www.focolare.org\/fr\/wp-json\/wp\/v2\/media?parent=312536"}],"wp:term":[{"taxonomy":"category","embeddable":true,"href":"https:\/\/www.focolare.org\/fr\/wp-json\/wp\/v2\/categories?post=312536"},{"taxonomy":"post_tag","embeddable":true,"href":"https:\/\/www.focolare.org\/fr\/wp-json\/wp\/v2\/tags?post=312536"}],"curies":[{"name":"wp","href":"https:\/\/api.w.org\/{rel}","templated":true}]}}