{"id":312558,"date":"2017-11-21T01:10:53","date_gmt":"2017-11-21T00:10:53","guid":{"rendered":"https:\/\/www.focolare.org\/les-mille-visages-de-la-pauvrete\/"},"modified":"2024-05-15T20:55:15","modified_gmt":"2024-05-15T18:55:15","slug":"les-mille-visages-de-la-pauvrete","status":"publish","type":"post","link":"https:\/\/www.focolare.org\/fr\/les-mille-visages-de-la-pauvrete\/","title":{"rendered":"Les mille visages de la pauvret\u00e9"},"content":{"rendered":"<p><strong><img loading=\"lazy\" decoding=\"async\" class=\"alignleft wp-image-158419\" src=\"https:\/\/www.focolare.org\/wp-content\/uploads\/2017\/11\/Pope-with-the-homeless.jpg\" alt=\"Pope with the homeless\" width=\"368\" height=\"221\" \/>L\u2019annonce, faite le 13 juin dernier par le Pape Fran\u00e7ois,<\/strong> d\u2019une Journ\u00e9e Internationale d\u00e9di\u00e9e aux pauvres est tout de suite apparue comme celle d\u2019un pontificat particuli\u00e8rement attentif aux exigences des personnes les plus vuln\u00e9rables et mises \u00e0 l\u2019\u00e9cart de la soci\u00e9t\u00e9.  <strong>En r\u00e9ponse \u00e0 cet appel,<\/strong> l\u2019adh\u00e9sion d\u2019associations, de mouvements, d\u2019institutions et la multiplication d\u2019initiatives, de la part de personnes ou de groupes, sont \u00e9tonnantes. <strong>En Italie aussi le Mouvement des Focolari<\/strong> a fait sienne l\u2019invitation \u00e0 <em>\u201ccr\u00e9er des moments de rencontre et d\u2019amiti\u00e9, de solidarit\u00e9 et d\u2019aide concr\u00e8te\u201d<\/em>, pour aimer <em>\u201cnon pas en paroles, mais en actes\u201d. <\/em>  \u00ab\u00a0Si l\u2019on peut apprendre des pauvres \u2013 <strong>disent les responsables des Focolari en Italie, Rosalba Poli et Andrea Goller<\/strong> \u2013 il n\u2019en reste pas moins vrai que celui qui a davantage est appel\u00e9 \u00e0 donner. Non pas l\u2019aum\u00f4ne, non pas un geste minimum pour se donner bonne\u00a0 conscience. L\u2019invitation consiste \u00e0 <em>sortir de nos certitudes et de nos commodit\u00e9s, comme dit le Pape, pour aller \u00e0 la rencontre des mille visages de la pauvret\u00e9\u00a0\u00bb.<\/em>  <strong>En Italie aussi celle-ci atteint des proportions pr\u00e9occupantes<\/strong>. Presque\u00a0 cinq millions de personnes, selon un Rapport r\u00e9cent (donn\u00e9es statistiques concernant l\u2019ann\u00e9e 2016), vivent dans des conditions de <em>\u00ab\u00a0pauvret\u00e9 absolue\u00a0\u00bb<\/em>, et huit millions et demi souffrent de <em>\u00ab\u00a0pauvret\u00e9 relative\u00a0\u00bb<\/em>. C\u2019est une pauvret\u00e9 aux mille visages\u00a0: marginalisation, ch\u00f4mage, violence, manque de moyens de subsistance. Et surtout l\u2019isolement, car \u00eatre pauvre signifie avant tout \u00eatre exclu.  <strong><img loading=\"lazy\" decoding=\"async\" class=\"alignright wp-image-158418\" src=\"https:\/\/www.focolare.org\/wp-content\/uploads\/2017\/11\/20171121-01.jpg\" alt=\"20171121-01\" width=\"368\" height=\"267\" \/><\/strong>\u201cCette journ\u00e9e nous renvoie au premier aspect de la spiritualit\u00e9 des Focolari, la <em>Communion des biens<\/em>\u201d, expliquent R. Poli et A. Goller. Une pratique qui, au cours des ann\u00e9es, a conduit \u00e0 la naissance de nombreuses actions \u00e0 caract\u00e8re social, inspir\u00e9es par le d\u00e9sir de revivre une pratique des premi\u00e8res communaut\u00e9s chr\u00e9tiennes o\u00f9 il n\u2019avait aucun indigent. Parmi celles-ci<em>,<\/em><em> l\u2019<a href=\"http:\/\/www.focolaritalia.it\/2016\/06\/25\/associazione-arcobaleno-milano\/\">Associazione Arcobaleno<\/a> (Association Arc-en Ciel),<\/em>active \u00e0 Milan depuis plus de 30 ans,<em> le <a href=\"http:\/\/www.centrointernazionalelapira.it\/it\/\">Centro La Pira<\/a> (Le Centre La Pira)<\/em> pour les jeunes \u00e9trangers \u00e0 Florence, le<em> <a href=\"http:\/\/www.focolaritalia.it\/2016\/09\/22\/molti-volti-storia\/\">Progetto sempre persona<\/a> (Le Projet toujours une personne) <\/em>pour la r\u00e9insertion des prisonniers et l\u2019aide \u00e0 leurs familles<em>. <\/em>Ou bien le projet Ouvrons-nous de l\u2019association culturelle du Trentin More, les projets pour mineurs non accompagn\u00e9s comme <a href=\"http:\/\/www.faresistemaoltrelaccoglienza.it\/\">Fare sistema oltre l\u2019accoglienza<\/a>, ou en faveur des familles, comme <a href=\"http:\/\/www.focolaritalia.it\/2016\/07\/27\/facciamo-casa-insieme\/\">Facciamo casa insieme<\/a> <em>(\u00eatre famille ensemble)<\/em>. D\u2019autres s\u2019emploient \u00e0 redistribuer des vivres, comme <a href=\"http:\/\/www.focolaritalia.it\/2016\/07\/13\/associazione-solidarieta-re\/\">l\u2019Associazione Solidariet\u00e0<\/a> <em>(L&rsquo;association Solidarit\u00e9) <\/em>\u00e0 Reggio Emilia, <a href=\"http:\/\/www.focolaritalia.it\/2017\/11\/08\/bf-foundation-progetto-uneconomia-civile-solidale\/\">B&amp;F<\/a> \u00e0 Ascoli, <a href=\"http:\/\/www.focolaritalia.it\/2017\/11\/08\/romamor-senza-tetto-nelle-stazioni-roma\/\">RomAmoR <\/a><em>(Rome Amour)<\/em> active depuis des ann\u00e9es \u00e0 c\u00f4t\u00e9 de la gare de Rome Ostiense, tandis que d\u2019autres s\u2019occupent de l\u2019accueil des migrants \u00e0 Lampedusa et Vintimille. A Pomigliano d\u2019Arco, l\u2019association <a href=\"http:\/\/www.focolaritalia.it\/2017\/11\/11\/associazione-legami-solidarieta\/\">Legami di solidariet\u00e0<\/a> <em>(Liens de Solidarit\u00e9)<\/em> dans un contexte tr\u00e8s marqu\u00e9 par le ch\u00f4mage, a retrouv\u00e9 le sens de l\u2019entr\u2019aide et du partage. Apr\u00e8s le tremblement de terre en Italie Centrale, le projet <a href=\"http:\/\/www.focolaritalia.it\/2016\/12\/13\/progetto-rimpresa-favore-delle-imprese-colpite-dal-sisma\/\">RImPRESA<\/a> a suscit\u00e9 quelques\u00a0 GAS <em>(Groupes d\u2019Acquisition Solidaire)<\/em> pour soutenir localement les activit\u00e9s \u00e9conomiques compromises par le s\u00e9isme. Parmi les toutes derni\u00e8res n\u00e9es le PAS (<a href=\"http:\/\/www.focolaritalia.it\/2017\/11\/09\/associazione-polo-accoglienza-solidarieta\/\">Polo Accoglienza Solidariet\u00e0 <em>(<\/em><\/a><em>P\u00f4le d&rsquo;accueil Solidarit\u00e9)<\/em> d\u2019Ascoli Piceno. De nombreux entrepreneurs en Italie, regroup\u00e9s par l\u2019Aipec, s\u2019inspirent des principes de l\u2019\u00c9conomie de Communion, afin que la culture du \u00ab\u00a0donner\u00a0\u00bb soit mise en \u0153uvre dans les entreprises.  <strong>A c\u00f4t\u00e9 de ces projets bien \u00e9tablis<\/strong>, d\u2019autres initiatives ont fleuri du Nord au Sud du Pays, souvent en r\u00e9seau avec des institutions ou des associations qui travaillent dans le social. Dans le but de devenir des formes stables de lutte contre la pauvret\u00e9. <strong>De Milan \u00e0 Scicli, de Messine \u00e0 Udine<\/strong>, ont surgi des Banques alimentaires, des Points d\u2019\u00e9coute, des cantine sociales, des initiatives contre le gaspillage. Et m\u00eame une maison pour les p\u00e8res s\u00e9par\u00e9s\u00a0 \u00e0 <strong>Cagliari <\/strong>(Sardaigne)  En attendant, \u00e0 quelques jours de son activation, l\u2019<em><strong>App Fag8,<\/strong><\/em> un outil technologique pour encourager l\u2019habitude de mettre en commun ses propres biens, objets, mais aussi talents et id\u00e9es, sous le signe de la gratuit\u00e9, a d\u00e9j\u00e0 un millier d\u2019inscrits. En chargeant l\u2019application, il est possible de partager, m\u00eame pour le compte de tiers (des personnes en situation de pr\u00e9carit\u00e9 que l\u2019on conna\u00eet), un objet, un projet ou leur propre temps. Un outil proche des r\u00e9seaux sociaux, mais d\u2019ampleur nationale, qui permet de v\u00e9rifier en peu de temps la disponibilit\u00e9 de ce que je recherche ou les besoins que d\u2019autres peuvent avoir de ce que j\u2019offre.  &nbsp;  (voir aussi\u00a0<a href=\"http:\/\/www.focolaritalia.it\/\">www.focolaritalia.it<\/a>).  &nbsp;<\/p>\n","protected":false},"excerpt":{"rendered":"<p>Le Mouvement des Focolari a lui aussi r\u00e9pondu \u00e0 l\u2019appel de la \u201cJourn\u00e9e mondiale des Pauvres\u201d lanc\u00e9e par le Pape Fran\u00e7ois pour le dimanche 19 novembre. Du Nord au Sud de l\u2019Italie, gros plans sur les projets et les r\u00e9centes  initiatives.<\/p>\n","protected":false},"author":34,"featured_media":0,"comment_status":"open","ping_status":"open","sticky":false,"template":"","format":"standard","meta":{"give_campaign_id":0,"_seopress_robots_primary_cat":"","_seopress_titles_title":"","_seopress_titles_desc":"","_seopress_robots_index":"","_et_pb_use_builder":"","_et_pb_old_content":"","_et_gb_content_width":"","footnotes":""},"categories":[47],"tags":[],"class_list":["post-312558","post","type-post","status-publish","format-standard","hentry","category-non-classifiee"],"_links":{"self":[{"href":"https:\/\/www.focolare.org\/fr\/wp-json\/wp\/v2\/posts\/312558","targetHints":{"allow":["GET"]}}],"collection":[{"href":"https:\/\/www.focolare.org\/fr\/wp-json\/wp\/v2\/posts"}],"about":[{"href":"https:\/\/www.focolare.org\/fr\/wp-json\/wp\/v2\/types\/post"}],"author":[{"embeddable":true,"href":"https:\/\/www.focolare.org\/fr\/wp-json\/wp\/v2\/users\/34"}],"replies":[{"embeddable":true,"href":"https:\/\/www.focolare.org\/fr\/wp-json\/wp\/v2\/comments?post=312558"}],"version-history":[{"count":0,"href":"https:\/\/www.focolare.org\/fr\/wp-json\/wp\/v2\/posts\/312558\/revisions"}],"wp:attachment":[{"href":"https:\/\/www.focolare.org\/fr\/wp-json\/wp\/v2\/media?parent=312558"}],"wp:term":[{"taxonomy":"category","embeddable":true,"href":"https:\/\/www.focolare.org\/fr\/wp-json\/wp\/v2\/categories?post=312558"},{"taxonomy":"post_tag","embeddable":true,"href":"https:\/\/www.focolare.org\/fr\/wp-json\/wp\/v2\/tags?post=312558"}],"curies":[{"name":"wp","href":"https:\/\/api.w.org\/{rel}","templated":true}]}}