{"id":312590,"date":"2017-12-02T01:10:45","date_gmt":"2017-12-02T00:10:45","guid":{"rendered":"https:\/\/www.focolare.org\/noel-une-revolution\/"},"modified":"2024-05-15T20:55:22","modified_gmt":"2024-05-15T18:55:22","slug":"noel-une-revolution","status":"publish","type":"post","link":"https:\/\/www.focolare.org\/fr\/noel-une-revolution\/","title":{"rendered":"No\u00ebl, une r\u00e9volution"},"content":{"rendered":"<p><strong><a href=\"https:\/\/www.focolare.org\/wp-content\/uploads\/2017\/12\/candle-1750640_1280_01.jpg\"><img loading=\"lazy\" decoding=\"async\" class=\" wp-image-158942 alignleft\" src=\"https:\/\/www.focolare.org\/wp-content\/uploads\/2017\/12\/candle-1750640_1280_01.jpg\" alt=\"candle-1750640_1280_01\" width=\"334\" height=\"228\" \/><\/a>No\u00ebl \u00e9tant consid\u00e9r\u00e9 par la plupart comme une grande f\u00eate parmi d\u2019autres<\/strong>, plus somptueuse que sacr\u00e9e, il est bon de revenir sur quelques uns des aspects significatifs de cet \u00e9v\u00e9nement \u00e0 partir duquel l\u2019histoire du monde a connu un avant et un apr\u00e8s. \u00c9tant donn\u00e9 son immense port\u00e9e, on aurait pu s\u2019attendre \u00e0 un \u00e9v\u00e9nement triomphal et pompeux, avec musique et coups de feu, accompagn\u00e9 de manifestations grandioses, attirant des millions de curieux. L\u2019\u00e9cart est abyssal entre la naissance d\u2019un puissant de cette terre, telle que la r\u00eavait et la vivait le monde antique, et celle de J\u00e9sus, obscure et passant inaper\u00e7ue. C\u2019est pr\u00e9cis\u00e9ment le paradoxe et\u00a0 l\u2019originalit\u00e9 sans mesure qui caract\u00e9risent ce Christ-roi qui na\u00eet d\u2019une pauvre femme, dans une \u00e9table. Il n\u2019a rien d\u2019un Dieu, ni du plus admirable des hommes, mais c\u2019est le dernier d\u2019entre eux, d\u2019embl\u00e9e rabaiss\u00e9 au niveau le plus m\u00e9prisable. Il figure au rang social le plus bas et se trouve ainsi imm\u00e9diatement en situation de voir\u00a0 tous les \u00eatres humains d\u2019en bas, de pouvoir voir avec les yeux des plus d\u00e9munis.  <strong>Le principe de sa r\u00e9volution<\/strong> ne compte\u00a0 pas sur l\u2019orgueil, mais sur l\u2019humilit\u00e9 pour attirer au ciel les enfants de Dieu, \u00e0 commencer par ceux qui mangeaient et dormaient par terre: les esclaves, les laiss\u00e9s pour compte, les \u00e9trangers, en un mot ceux qui sont\u00a0 au rebut.  <strong>Avec cet enfant naissent la libert\u00e9 et l\u2019amour<\/strong>: sa libert\u00e9 est une libert\u00e9 d\u2019amour. Une d\u00e9couverte inou\u00efe\u00a0! L\u2019amour universel qu\u2019Il enseigne vise \u00e0 disloquer un syst\u00e8me social reposant en grande partie sur la tyrannie politique, l\u2019abus d\u2019autorit\u00e9, l\u2019usure d\u00e9r\u00e9gl\u00e9e, le m\u00e9pris du travail,\u00a0 la d\u00e9gradation de la femme, le poison de la jalousie. Naturellement pour les tenants d\u2019un tel syst\u00e8me ce message incite au d\u00e9sordre: il peut conduire en prison ou au gibet.  Heureux les pauvres et ceux qui se font pauvres pour aider les malheureux\u2026 Imaginez la col\u00e8re de ceux pour qui l\u2019argent est le bien supr\u00eame\u2026  <em>\u201cIl fut dit \u00e0 vos p\u00e8res: tu ne tueras pas. Mais moi je vous dis\u00a0: <\/em><em>quiconque se f\u00e2che contre son fr\u00e8re en r\u00e9pondra au tribunal<\/em><em>\u2026\u00a0\u00bb<\/em>. Ce pr\u00e9cepte a \u00e9t\u00e9 vu et est encore vu comme portant atteinte \u00e0 l\u2019honneur des guerriers et des fabricants d\u2019armes\u00a0; quant \u00e0 ne pas ha\u00efr son fr\u00e8re, cela implique de mettre fin aux rixes, aux coups-bas, aux violences. Voil\u00e0 qui ferait de notre soci\u00e9t\u00e9 un lieu de vie paisible, o\u00f9, plut\u00f4t que\u00a0 de hurler et de tirer des coups de feu, on se r\u00e9jouirait autour de la m\u00eame table. En vivant ainsi, ce serait No\u00ebl chaque jour.  <strong>Car telle est la r\u00e9volution du Christ<\/strong>: nous faire rena\u00eetre continuellement face \u00e0 la mal\u00e9diction de la mort. C\u2019est pourquoi le plus grand commandement consiste \u00e0 aimer l\u2019homme\u00a0; ce qui revient \u00e0 aimer Dieu. Aimer l\u2019autre jusqu\u2019\u00e0 donner sa propre vie pour lui.  <strong>Voil\u00e0 en bref le sens de No\u00ebl<\/strong>\u00a0: r\u00e9examen du pass\u00e9, fin des guerres, des basses turpitudes, de l\u2019avarice\u00a0; aube de l\u2019amour universel qui n\u2019admet pas de divisions de race, ni de caste, ni de classe, ni politique\u2026 Par sa vie et sa mort J\u00e9sus annonce et enseigne la vie. Aussi peut-on f\u00eater No\u00ebl en partageant un <em>panettone<\/em>, si cela nous aide \u00e0 aimer\u00a0; mais on le c\u00e9l\u00e8bre surtout en nous r\u00e9conciliant, ce qui met fin aux maladies de l\u2019esprit et nous rend la sant\u00e9. On le c\u00e9l\u00e8bre en rendant gr\u00e2ce au Seigneur et \u00e0 Marie qui par leurs souffrances\u00a0 nous apprennent\u00a0 et nous aident \u00e0 mettre un terme aux n\u00f4tres.  <a href=\"https:\/\/www.focolare.org\/it\/chiara-lubich\/chi-e-chiara\/igino-giordani\/\">Igino Giordani<\/a>, <em>Il Natale come rivoluzione<\/em>, Citt\u00e0 Nuova, Rome 1974, n.24, p.18  &nbsp;  <em>\u00a0<\/em>  &nbsp;  &nbsp;<\/p>\n","protected":false},"excerpt":{"rendered":"<p>Le temps de l\u2019Avent, qui nous parle d\u2019esp\u00e9rance et d\u2019attente, a commenc\u00e9. Dans la liturgie chr\u00e9tienne c\u2019est la  pr\u00e9paration \u00e0 la venue du Seigneur, qui, dans le rite romain, couvre une p\u00e9riode de quatre semaines, d\u00e9di\u00e9e au recueillement et \u00e0 la p\u00e9nitence. Les propos de Giordani invitent \u00e0 r\u00e9fl\u00e9chir.<\/p>\n","protected":false},"author":34,"featured_media":0,"comment_status":"open","ping_status":"open","sticky":false,"template":"","format":"standard","meta":{"give_campaign_id":0,"_seopress_robots_primary_cat":"","_seopress_titles_title":"","_seopress_titles_desc":"","_seopress_robots_index":"","_et_pb_use_builder":"","_et_pb_old_content":"","_et_gb_content_width":"","footnotes":""},"categories":[47],"tags":[],"class_list":["post-312590","post","type-post","status-publish","format-standard","hentry","category-non-classifiee"],"_links":{"self":[{"href":"https:\/\/www.focolare.org\/fr\/wp-json\/wp\/v2\/posts\/312590","targetHints":{"allow":["GET"]}}],"collection":[{"href":"https:\/\/www.focolare.org\/fr\/wp-json\/wp\/v2\/posts"}],"about":[{"href":"https:\/\/www.focolare.org\/fr\/wp-json\/wp\/v2\/types\/post"}],"author":[{"embeddable":true,"href":"https:\/\/www.focolare.org\/fr\/wp-json\/wp\/v2\/users\/34"}],"replies":[{"embeddable":true,"href":"https:\/\/www.focolare.org\/fr\/wp-json\/wp\/v2\/comments?post=312590"}],"version-history":[{"count":0,"href":"https:\/\/www.focolare.org\/fr\/wp-json\/wp\/v2\/posts\/312590\/revisions"}],"wp:attachment":[{"href":"https:\/\/www.focolare.org\/fr\/wp-json\/wp\/v2\/media?parent=312590"}],"wp:term":[{"taxonomy":"category","embeddable":true,"href":"https:\/\/www.focolare.org\/fr\/wp-json\/wp\/v2\/categories?post=312590"},{"taxonomy":"post_tag","embeddable":true,"href":"https:\/\/www.focolare.org\/fr\/wp-json\/wp\/v2\/tags?post=312590"}],"curies":[{"name":"wp","href":"https:\/\/api.w.org\/{rel}","templated":true}]}}