{"id":312610,"date":"2017-12-09T01:10:42","date_gmt":"2017-12-09T00:10:42","guid":{"rendered":"https:\/\/www.focolare.org\/un-moyen-indispensable-a-la-fraternite\/"},"modified":"2024-05-15T20:55:25","modified_gmt":"2024-05-15T18:55:25","slug":"un-moyen-indispensable-a-la-fraternite","status":"publish","type":"post","link":"https:\/\/www.focolare.org\/fr\/un-moyen-indispensable-a-la-fraternite\/","title":{"rendered":"Un moyen indispensable \u00e0 la fraternit\u00e9"},"content":{"rendered":"<p><strong>Dans le monde moderne l\u2019ob\u00e9issance n\u2019est plus appr\u00e9ci\u00e9e \u00e0 sa juste mesure.<\/strong> Le souffle de libert\u00e9, de fraternit\u00e9 et d\u2019\u00e9galit\u00e9 qui s\u2019est lib\u00e9r\u00e9 \u00e0 partir de la r\u00e9volution fran\u00e7aise est d\u00e9sormais entr\u00e9 dans nos journaux, nos cours, nos maisons, et aussi dans nos paroisses et nos couvents. (\u2026) Aussi n\u2019est-il pas rare de trouver dans notre inconscient une sorte de m\u00e9fiance latente\u00a0 \u00e0 l\u2019\u00e9gard de cette pr\u00e9cieuse vertu, au point de l\u2019opposer \u00e0 la d\u00e9couverte \u00e9vang\u00e9lique qui nous veut tous fr\u00e8res en Christ. (\u2026)  <strong>L\u2019ob\u00e9issance n\u2019implique pas une abdication de notre\u00a0 propre personnalit\u00e9<\/strong>, encore moins une humiliation inhumaine. Elle nous aide au contraire \u00e0 \u00eatre vraiment nous-m\u00eames, \u00e0 faire grandir notre \u00eatre du fait qu\u2019elle nous ins\u00e8re dans un contexte social qui est indispensable, tant sur le plan humain que spirituel, \u00e0 la vraie manifestation de nos capacit\u00e9s.  Lorsque la volont\u00e9 de celui qui m\u2019est l\u00e9gitimement sup\u00e9rieur dans le gouvernement des r\u00e9alit\u00e9s civiles ou eccl\u00e9siales m\u2019indique ce que je dois vouloir ou ce que je dois laisser de c\u00f4t\u00e9, m\u00eame si cela va \u00e0 l\u2019encontre de mes projets, de ma fa\u00e7on de penser, en r\u00e9alit\u00e9 cela\u00a0 m\u2019invite toujours \u00e0 m\u2019\u00e9lever \u00e0 un niveau plus vaste et g\u00e9n\u00e9ral, celui du bien commun.  Cette contrari\u00e9t\u00e9 que j\u2019\u00e9prouve en raison du d\u00e9saccord qu\u2019il y avait, est une contribution n\u00e9cessaire\u00a0 \u00e0 ma croissance. A ce moment-l\u00e0 mon humanit\u00e9 grandit, elle est plus pleine. Et plus je me trouve uni aux autres, plus je me retrouve dans une relation fraternelle avec eux. Celle-ci r\u00e9sulte en effet d\u2019une communion. L\u2019ob\u00e9issance, loin d\u2019\u00eatre un obstacle, devient donc un moyen indispensable \u00e0 la fraternit\u00e9 humaine. (\u2026)  Tr\u00e8s souvent, en \u00e9voquant cette vertu, on en pr\u00e9sente seulement les aspects asc\u00e9tiques: l\u2019\u00e2me qui renonce \u00e0 sa propre volont\u00e9 progresse d\u2019autant plus qu\u2019elle se lib\u00e8re des passions, etc. Cela est certainement vrai, mais elle nous procure quelque chose de mieux\u00a0: elle nous fait participer mystiquement \u00e0 l\u2019humanit\u00e9 du Christ, elle permet \u00e0 notre c\u0153ur d\u2019\u00e9prouver les m\u00eames sentiments que Lui (cf. Phil 2, 5)  <strong>La Vierge Marie est par excellence le mod\u00e8le de cette ob\u00e9issance int\u00e9rieure. <\/strong>Quand elle r\u00e9pond \u00e0 l\u2019ange\u00a0: <em>\u00ab\u00a0Voici la servante du Seigneur\u00a0\u00bb\u00a0<\/em>; lorsque, pour suivre le d\u00e9cret de l\u2019empereur romain, elle se rend \u00e0 Bethl\u00e9em\u00a0;\u00a0 lorsque, en toute h\u00e2te, elle suit l\u2019inspiration qui la pousse \u00e0 aller assister <strong>\u00c9lisabeth<\/strong> ; lorsqu\u2019aux noces de Cana elle demande \u00e0 J\u00e9sus de faire un miracle\u00a0; lorsque, au Calvaire, elle offre le Fils de Dieu pour rester avec Jean; lorsqu\u2019elle prie \u00a0au milieu des ap\u00f4tres dans l\u2019attente fervente de l\u2019Esprit Saint\u00a0: sa vie consiste \u00e0 ob\u00e9ir continuellement \u00e0 Dieu seul, tout en ob\u00e9issant aux hommes et aux circonstances.  <strong>Et c\u2019est en laissant Marie\u00a0 revivre en nous<\/strong> que nous participerons \u00e0 son intimit\u00e9, \u00e0 sa docilit\u00e9 m\u00eame. A l\u2019exemple du <a href=\"https:\/\/www.focolare.org\/fr\/movimento-dei-focolari\/scelte-e-impegno\/focolarini\/\">focolarino <\/a><a href=\"https:\/\/www.focolare.org\/news\/2005\/10\/01\/parola-di-vita-mese-di-ottobre-2005\/\">Andrea Ferrari<\/a>\u00a0: avec une finesse qui traduisait son union \u00e0 Dieu, au moment de mourir, il disait en souriant \u00e0 celui qui le pr\u00e9parait \u00e0 accepter la <a href=\"https:\/\/www.focolare.org\/fr\/chiara-lubich\/spiritualita-dellunita\/volonta-di-dio\/\">volont\u00e9 de Dieu<\/a>\u00a0: \u00ab\u00a0Nous avons appris \u00e0 toujours la reconna\u00eetre, m\u00eame devant un feu rouge\u00a0\u00bb.  <em>\u00a0Da: <\/em><a href=\"https:\/\/www.focolare.org\/fr\/chiara-lubich\/chi-e-chiara\/pasquale-foresi\/\"><em>Pasquale Foresi<\/em><\/a><em>\u00a0 \u2013 Parole di Vita \u2013 Citt\u00e0 Nuova 1963 \u2013 p.197-200<\/em><\/p>\n","protected":false},"excerpt":{"rendered":"<p>Le th\u00e9ologien Pasquale Foresi (1929-2015), pour souligner l\u2019actualit\u00e9 de la vertu chr\u00e9tienne de l\u2019ob\u00e9issance, montre en exemple la Vierge Marie qui, tout en ob\u00e9issant aux hommes, a ob\u00e9i \u00e0 Dieu seul.<\/p>\n","protected":false},"author":34,"featured_media":0,"comment_status":"open","ping_status":"open","sticky":false,"template":"","format":"standard","meta":{"give_campaign_id":0,"_seopress_robots_primary_cat":"","_seopress_titles_title":"","_seopress_titles_desc":"","_seopress_robots_index":"","_et_pb_use_builder":"","_et_pb_old_content":"","_et_gb_content_width":"","footnotes":""},"categories":[47],"tags":[],"class_list":["post-312610","post","type-post","status-publish","format-standard","hentry","category-non-classifiee"],"_links":{"self":[{"href":"https:\/\/www.focolare.org\/fr\/wp-json\/wp\/v2\/posts\/312610","targetHints":{"allow":["GET"]}}],"collection":[{"href":"https:\/\/www.focolare.org\/fr\/wp-json\/wp\/v2\/posts"}],"about":[{"href":"https:\/\/www.focolare.org\/fr\/wp-json\/wp\/v2\/types\/post"}],"author":[{"embeddable":true,"href":"https:\/\/www.focolare.org\/fr\/wp-json\/wp\/v2\/users\/34"}],"replies":[{"embeddable":true,"href":"https:\/\/www.focolare.org\/fr\/wp-json\/wp\/v2\/comments?post=312610"}],"version-history":[{"count":0,"href":"https:\/\/www.focolare.org\/fr\/wp-json\/wp\/v2\/posts\/312610\/revisions"}],"wp:attachment":[{"href":"https:\/\/www.focolare.org\/fr\/wp-json\/wp\/v2\/media?parent=312610"}],"wp:term":[{"taxonomy":"category","embeddable":true,"href":"https:\/\/www.focolare.org\/fr\/wp-json\/wp\/v2\/categories?post=312610"},{"taxonomy":"post_tag","embeddable":true,"href":"https:\/\/www.focolare.org\/fr\/wp-json\/wp\/v2\/tags?post=312610"}],"curies":[{"name":"wp","href":"https:\/\/api.w.org\/{rel}","templated":true}]}}