{"id":312632,"date":"2017-12-17T02:10:17","date_gmt":"2017-12-17T01:10:17","guid":{"rendered":"https:\/\/www.focolare.org\/le-pape-francois-fete-ses-81-ans\/"},"modified":"2024-05-15T20:55:30","modified_gmt":"2024-05-15T18:55:30","slug":"le-pape-francois-fete-ses-81-ans","status":"publish","type":"post","link":"https:\/\/www.focolare.org\/fr\/le-pape-francois-fete-ses-81-ans\/","title":{"rendered":"Le Pape Fran\u00e7ois f\u00eate ses 81 ans"},"content":{"rendered":"<p><strong><img loading=\"lazy\" decoding=\"async\" class=\"alignleft wp-image-159461\" src=\"https:\/\/www.focolare.org\/wp-content\/uploads\/2017\/12\/PopeFrancis_birthday-a.jpg\" alt=\"PopeFrancis_birthday-a\" width=\"368\" height=\"208\" \/>Le dimanche 17 d\u00e9cembre Fran\u00e7ois f\u00eate ses 81 ans<\/strong> en bonne sant\u00e9 et sous une charge de travail intense.  Comme on le sait, il revient depuis peu d\u2019un voyage tr\u00e8s prenant au Myanmar et au Bangladesh. Il se pr\u00e9pare d\u00e9j\u00e0 \u00e0 son 22<sup>\u00e8me<\/sup> voyage qui le m\u00e8nera au mois de janvier au Chili et au P\u00e9rou.  <strong>Lors de son 80<sup>\u00e8me<\/sup> anniversaire, l\u2019an dernier, il confiait\u00a0: <\/strong>\u00ab\u00a0Depuis quelques jours un mot me revient souvent \u00e0 l\u2019esprit, il peut avoir mauvais go\u00fbt\u00a0: vieillesse. Cela effraie. Au moins \u00e7a fait un peu peur. Mais quand on la regarde comme une \u00e9tape de la vie qui sert \u00e0 donner joie, sagesse, alors on recommence \u00e0 vivre\u00a0\u00bb.  <strong>Avec grande reconnaissance <\/strong>pour le don de sa vie toute orient\u00e9e \u00a0\u00e0 l\u2019amour de Dieu et des hommes, avec une pr\u00e9dilection toute sp\u00e9ciale pour les plus faibles et les marginaux, nous adressons nos v\u0153ux les plus sinc\u00e8res au pape Fran\u00e7ois. Assurons-le de nos pri\u00e8res quotidiennes, et demandons \u00e0 l\u2019Esprit Saint de lui donner encore autant de force et de lumi\u00e8re pour accomplir avec s\u00e9r\u00e9nit\u00e9 sa t\u00e2che importante pour la joie de tout le monde.  <a href=\"https:\/\/www.romereports.com\/2017\/12\/15\/francisco-cumple-81-anos-en-buen-estado-de-salud\/\">https:\/\/www.romereports.com\/2017\/12\/15\/francisco-cumple-81-anos-en-buen-estado-de-salud\/<\/a>  &nbsp;<\/p>\n","protected":false},"excerpt":{"rendered":"<p>Le dimanche 17 d\u00e9cembre Fran\u00e7ois f\u00eate ses 81 ans en bonne sant\u00e9 et sous une charge de travail intense. Comme on le sait, il revient depuis peu d\u2019un voyage tr\u00e8s prenant au Myanmar et au Bangladesh. Il se pr\u00e9pare d\u00e9j\u00e0 \u00e0 son 22\u00e8me voyage qui le m\u00e8nera au mois de janvier au Chili et au [&hellip;]<\/p>\n","protected":false},"author":34,"featured_media":0,"comment_status":"open","ping_status":"open","sticky":false,"template":"","format":"standard","meta":{"give_campaign_id":0,"_seopress_robots_primary_cat":"","_seopress_titles_title":"","_seopress_titles_desc":"","_seopress_robots_index":"","_et_pb_use_builder":"","_et_pb_old_content":"","_et_gb_content_width":"","footnotes":""},"categories":[47],"tags":[],"class_list":["post-312632","post","type-post","status-publish","format-standard","hentry","category-non-classifiee"],"_links":{"self":[{"href":"https:\/\/www.focolare.org\/fr\/wp-json\/wp\/v2\/posts\/312632","targetHints":{"allow":["GET"]}}],"collection":[{"href":"https:\/\/www.focolare.org\/fr\/wp-json\/wp\/v2\/posts"}],"about":[{"href":"https:\/\/www.focolare.org\/fr\/wp-json\/wp\/v2\/types\/post"}],"author":[{"embeddable":true,"href":"https:\/\/www.focolare.org\/fr\/wp-json\/wp\/v2\/users\/34"}],"replies":[{"embeddable":true,"href":"https:\/\/www.focolare.org\/fr\/wp-json\/wp\/v2\/comments?post=312632"}],"version-history":[{"count":0,"href":"https:\/\/www.focolare.org\/fr\/wp-json\/wp\/v2\/posts\/312632\/revisions"}],"wp:attachment":[{"href":"https:\/\/www.focolare.org\/fr\/wp-json\/wp\/v2\/media?parent=312632"}],"wp:term":[{"taxonomy":"category","embeddable":true,"href":"https:\/\/www.focolare.org\/fr\/wp-json\/wp\/v2\/categories?post=312632"},{"taxonomy":"post_tag","embeddable":true,"href":"https:\/\/www.focolare.org\/fr\/wp-json\/wp\/v2\/tags?post=312632"}],"curies":[{"name":"wp","href":"https:\/\/api.w.org\/{rel}","templated":true}]}}