{"id":312690,"date":"2018-01-16T01:10:47","date_gmt":"2018-01-16T00:10:47","guid":{"rendered":"https:\/\/www.focolare.org\/une-famille-plus-grande\/"},"modified":"2024-05-15T20:55:40","modified_gmt":"2024-05-15T18:55:40","slug":"une-famille-plus-grande","status":"publish","type":"post","link":"https:\/\/www.focolare.org\/fr\/une-famille-plus-grande\/","title":{"rendered":"Une famille plus grande"},"content":{"rendered":"<p><strong>\u00ab\u00a0Diverses circonstances nous montraient que d\u00e9sormais nous ne pouvions plus rester dans notre Pays, le Venezuela.<\/strong> Armando avait \u00e9t\u00e9 licenci\u00e9 et une lettre en provenance du P\u00e9rou nous ouvrait des portes. Il semblait que Dieu nous appelait l\u00e0-bas\u00a0\u00bb. <strong>C\u2019est ainsi que d\u00e9bute le r\u00e9cit d\u2019Ofelia et d\u2019Armando, contraints de laisser au Pays leurs enfants<\/strong>, Daniel et F\u00e9lix, d\u00e9sormais adultes, pour trouver une maison, du travail et un avenir pour tous dans un autre Pays. \u00ab\u00a0Sans un sou, nous avons commenc\u00e9 \u00e0 nous pr\u00e9parer. Une somme d\u2019argent nous est arriv\u00e9e pour nos frais de voyage. Quitter son propre Pays est une exp\u00e9rience qui secoue. Notre fille \u00e9tait d\u00e9j\u00e0 partie au P\u00e9rou en octobre, mais \u00e0 la fronti\u00e8re on lui a enlev\u00e9 son ordinateur et son argent. C\u2019est sur ces entrefaites que nous sommes partis\u00a0\u00bb.  <strong>Armando et Ofelia quittent tout, mais emportent avec eux la photo de Domenico Mangano<\/strong>: un homme tr\u00e8s croyant, li\u00e9 aux \u00a0Focolari en Italie centrale, un engag\u00e9 politique combatif, mort en 2001 et dont la cause de b\u00e9atification a \u00e9t\u00e9 r\u00e9cemment ouverte. \u00abNous lui avons demand\u00e9 de s\u2019occuper de notre voyage\u00a0\u00bb.  <strong>\u00ab\u00a0A notre grande surprise, le passage de la fronti\u00e8re n\u2019a pas pos\u00e9 de probl\u00e8mes particuliers.<\/strong> Nous l\u2019avons franchie presque comme si nous \u00e9tions invisibles et une jeune femme, comme un ange sur notre route, nous\u00a0 a indiqu\u00e9 ce que nous devions faire. Apr\u00e8s un unique contr\u00f4le de nos bagages nous sommes pass\u00e9s sans devoir affronter la bousculade de la foule qui s\u2019\u00e9tait press\u00e9e \u00e0 la fronti\u00e8re les jours pr\u00e9c\u00e9dents. C\u2019\u00e9tait presque incroyable\u00a0! Nous avons pens\u00e9 que c\u2019\u00e9tait gr\u00e2ce \u00e0 l\u2019aide de Domenico et nous nous sommes \u00e0 nouveau confi\u00e9s \u00e0 lui. En raison d\u2019un contretemps nous sommes arriv\u00e9s \u00e0 Quito et avons pass\u00e9 la nuit au focolare f\u00e9minin. Quelques personnes de la communaut\u00e9 de cette ville nous ont invit\u00e9s \u00e0 d\u00eener et \u00e0 faire une promenade en journ\u00e9e. Apr\u00e8s sept jours de voyage nous avons finalement r\u00e9ussi \u00e0 rejoindre Lima\u00a0\u00bb.  <strong>A Lima, Ofelia et Armando sont les h\u00f4tes d&rsquo;Elba et Mario<\/strong>, et, en plus de v\u00eatements, ils re\u00e7oivent un sac de nourriture et de l\u2018argent. \u00ab\u00a0Nous avons visit\u00e9 les deux focolares, nous sommes all\u00e9s au Centre Fiore pour aider \u00e0 pr\u00e9parer le repas de No\u00ebl que les membres de la communaut\u00e9 de Lima offrent\u00a0 aux jeunes filles rescap\u00e9es de la traite des esclaves, h\u00e9berg\u00e9es par les s\u0153urs. Elles \u00e9taient heureuses. Nous avons aussi retrouv\u00e9 Silvano et Nilde, qui avaient quitt\u00e9 le Venezuela avant nous. Tout le monde nous a accueillis avec beaucoup d\u2019amour, nous nous sentons comme dans une vraie famille\u00a0\u00bb.  \u201cLe jour de No\u00ebl une famille nous a invit\u00e9s chez elle, et apr\u00e8s le repas nous avons fait une promenade. Maintenant nous demandons \u00e0 Dieu de trouver une maison et du travail. Nous avons v\u00e9cu beaucoup de choses et nous savons que Domenico et Chiara Lubich continuent \u00e0 nous aider de l\u00e0-haut.  <strong>Une nuit, alors que nous dormions \u2013 poursuit Ofelia \u2013 une jeune fille pieds nus, portant dans ses bras une petite fille, a frapp\u00e9 \u00e0 notre porte<\/strong>. Ce n\u2019\u00e9tait pas notre maison, mais nous avons tout de m\u00eame d\u00e9cid\u00e9 de lui ouvrir parce que c\u2019\u00e9tait J\u00e9sus lui-m\u00eame qui semblait nous interpeller \u00e0 travers elle. C\u2019\u00e9tait la voisine de l\u2019\u00e9tage au-dessus, son mari \u00e9tait ivre et la maltraitait. Elle nous a dit que jusque-l\u00e0 elle n\u2019avait jamais os\u00e9 frapper \u00e0 une autre porte de l\u2019immeuble, mais elle avait remarqu\u00e9 notre pr\u00e9sence quelques jours auparavant, lorsque nous descendions les escaliers et son c\u0153ur lui avait dit qu\u2019elle pouvait avoir confiance en nous. D\u00e9sormais elle \u00e9tait l\u00e0, en face de nous. Armando est all\u00e9 parler avec son mari, tandis que je cherchais \u00e0 consoler cette jeune femme. Au bout de quelques jours elle a pu retourner dans son appartement et depuis Armando et cet homme sont toujours en lien. Nous sommes heureux d\u2019avoir aim\u00e9 J\u00e9sus dans cette famille. Quant \u00e0 nous, Dieu nous guidera et nous fera comprendre ce qu\u2019il veut de nous\u00a0\u00bb. Mais nous voil\u00e0 habit\u00e9s par une esp\u00e9rance renouvel\u00e9e\u00a0:\u00a0\u00ab\u00a0Nous sommes s\u00fbrs que la coupure avec notre famille, notre Pays et nos amis portera ses fruits\u00a0\u00bb.  Gustavo Clari\u00e1<\/p>\n","protected":false},"excerpt":{"rendered":"<p>Au Venezuela, avec l\u2019aggravation de la crise \u00e9conomique et l\u2019\u00e9norme p\u00e9nurie de denr\u00e9es de premi\u00e8re n\u00e9cessit\u00e9, de nombreuses familles sont oblig\u00e9es de partir. Ofelia et Armando, qui ont d\u00fb quitter leur Pays, ont \u00e9t\u00e9 accueillis par la communaut\u00e9 des Focolari de Lima (P\u00e9rou).<\/p>\n","protected":false},"author":34,"featured_media":0,"comment_status":"open","ping_status":"open","sticky":false,"template":"","format":"standard","meta":{"give_campaign_id":0,"_seopress_robots_primary_cat":"","_seopress_titles_title":"","_seopress_titles_desc":"","_seopress_robots_index":"","_et_pb_use_builder":"","_et_pb_old_content":"","_et_gb_content_width":"","footnotes":""},"categories":[47],"tags":[],"class_list":["post-312690","post","type-post","status-publish","format-standard","hentry","category-non-classifiee"],"_links":{"self":[{"href":"https:\/\/www.focolare.org\/fr\/wp-json\/wp\/v2\/posts\/312690","targetHints":{"allow":["GET"]}}],"collection":[{"href":"https:\/\/www.focolare.org\/fr\/wp-json\/wp\/v2\/posts"}],"about":[{"href":"https:\/\/www.focolare.org\/fr\/wp-json\/wp\/v2\/types\/post"}],"author":[{"embeddable":true,"href":"https:\/\/www.focolare.org\/fr\/wp-json\/wp\/v2\/users\/34"}],"replies":[{"embeddable":true,"href":"https:\/\/www.focolare.org\/fr\/wp-json\/wp\/v2\/comments?post=312690"}],"version-history":[{"count":0,"href":"https:\/\/www.focolare.org\/fr\/wp-json\/wp\/v2\/posts\/312690\/revisions"}],"wp:attachment":[{"href":"https:\/\/www.focolare.org\/fr\/wp-json\/wp\/v2\/media?parent=312690"}],"wp:term":[{"taxonomy":"category","embeddable":true,"href":"https:\/\/www.focolare.org\/fr\/wp-json\/wp\/v2\/categories?post=312690"},{"taxonomy":"post_tag","embeddable":true,"href":"https:\/\/www.focolare.org\/fr\/wp-json\/wp\/v2\/tags?post=312690"}],"curies":[{"name":"wp","href":"https:\/\/api.w.org\/{rel}","templated":true}]}}