{"id":312698,"date":"2018-01-18T01:10:49","date_gmt":"2018-01-18T00:10:49","guid":{"rendered":"https:\/\/www.focolare.org\/oecumenisme-le-choix-de-mirvet\/"},"modified":"2024-05-15T20:55:40","modified_gmt":"2024-05-15T18:55:40","slug":"oecumenisme-le-choix-de-mirvet","status":"publish","type":"post","link":"https:\/\/www.focolare.org\/fr\/oecumenisme-le-choix-de-mirvet\/","title":{"rendered":"\u0152cum\u00e9nisme: le choix de Mirvet"},"content":{"rendered":"<p><strong><img loading=\"lazy\" decoding=\"async\" class=\"alignright wp-image-160211\" src=\"https:\/\/www.focolare.org\/wp-content\/uploads\/2018\/01\/syria-1886425_Pixabay.jpg\" alt=\"syria-1886425_Pixabay\" width=\"368\" height=\"276\" \/>Le grand-p\u00e8re de Mirvet Kelly \u00e9tait diacre\u00a0: <\/strong>\u00ab\u00a0Je me souviens de ma joie lorsque, toute petite, j\u2019allais avec lui chaque dimanche \u00e0 la Divine Liturgie Syriaque Orthodoxe. J\u2019\u00e9tais toute fi\u00e8re de le regarder, tout de blanc v\u00eatu, r\u00e9citer \u00e0 l\u2019autel une partie des pri\u00e8res \u00bb.  A Homs, en Syrie, o\u00f9 <strong>Mirvet<\/strong> a grandi, il y a plusieurs \u00c9glises : arm\u00e9nienne apostolique, grecque orthodoxe, catholique de divers rites, maronite, melchite et syriaque catholique. Avant la guerre, tout en \u00e9tant li\u00e9s \u00e0 leur propre \u00c9glise, les fid\u00e8les en fr\u00e9quentaient aussi une autre sans probl\u00e8mes. Malgr\u00e9 cela, en \u00e9coutant des conversations de-ci de-l\u00e0, elle percevait les difficult\u00e9s de cette pluralit\u00e9, par exemple le fait qu\u2019un jeune\u00a0 n\u2019avait pas pu \u00e9pouser sa fianc\u00e9e parce qu\u2019elle \u00e9tait catholique, ou inversement.  \u00ab\u00a0En grandissant \u2013<strong> poursuit-elle<\/strong> \u2013 beaucoup de choses ont chang\u00e9\u00a0: mon grand-p\u00e8re s\u2019en est all\u00e9 et la Divine Liturgie me semblait longue et d\u00e9su\u00e8te. A l\u2019\u00e9cole j\u2019\u00e9tais la seule chr\u00e9tienne au milieu de nombreux musulmans. J\u2019\u00e9tais la seule \u00e0 m\u2019absenter pour No\u00ebl et pour P\u00e2ques, et \u00e0 mon retour j\u2019\u00e9tais assaillie de questions auxquelles je ne savais r\u00e9pondre\u00a0: \u00ab\u00a0Pourquoi y a-t-il de si nombreuses \u00c9glises ? Pourquoi votre J\u00e9sus est-il crucifi\u00e9 et ressuscite-t-il \u00e0 des dates diff\u00e9rentes selon les diverses \u00c9glises ?\u00a0\u00bb Avec d\u2019autres amies nous avons d\u00e9cid\u00e9 de ne plus vouloir appartenir \u00e0 une \u00c9glise ou \u00e0 l\u2019autre, mais d\u2019\u00eatre chr\u00e9tiennes et c\u2019est tout. Et comme beaucoup d\u2019entre elles, moi aussi j\u2019ai arr\u00eat\u00e9 de fr\u00e9quenter mon \u00c9glise \u00bb.  <strong><a href=\"https:\/\/www.focolare.org\/wp-content\/uploads\/2018\/01\/20180118-01.jpg\"><img loading=\"lazy\" decoding=\"async\" class=\"alignleft wp-image-160204\" src=\"https:\/\/www.focolare.org\/wp-content\/uploads\/2018\/01\/20180118-01.jpg\" alt=\"20180118-01\" width=\"368\" height=\"245\" \/><\/a><\/strong><strong>Quelque temps apr\u00e8s, Mirvet tombe sur un groupe qui cherche \u00e0 vivre l\u2019\u00c9vangile \u00e0 la lumi\u00e8re de <\/strong><a href=\"https:\/\/www.focolare.org\/fr\/chiara-lubich\/spiritualita-dellunita\/\">la spiritualit\u00e9 des Focolari<\/a>. \u201cAvec eux j\u2019ai d\u00e9couvert que Dieu est notre P\u00e8re \u00e0 tous et qu\u2019Il nous aime\u00a0 tous comme ses fils. Ma vie a commenc\u00e9 \u00e0 changer. Chaque fois que je cherchais \u00e0 aimer en allant par exemple visiter\u00a0 les personnes \u00e2g\u00e9es et les pauvres, j\u2019avais le c\u0153ur empli de joie et de paix.  <strong>Un jour, en lisant un\u00a0 \u00e9crit de <\/strong><a href=\"https:\/\/www.focolare.org\/fr\/chiara-lubich\/chi-e-chiara\/\">Chiara Lubich,<\/a><strong> j\u2019ai trouv\u00e9 cette phrase\u00a0: \u00ab\u00a0Nous devons aimer l\u2019\u00c9glise de l\u2019autre comme la n\u00f4tre\u00a0\u00bb<\/strong>. Quant \u00e0 moi, non seulement je n\u2019aimais pas les autres \u00c9glises, mais je n\u2019aimais m\u00eame pas la mienne, que j\u2019avais critiqu\u00e9e et abandonn\u00e9e. Aujourd\u2019hui je remercie les Focolari de m\u2019avoir aid\u00e9e \u00e0 y retrouver ma place. J\u2019ai commenc\u00e9 \u00e0 rendre service en faisant le cat\u00e9chisme, en fr\u00e9quentant la chorale\u2026\u00a0: un premier pas pour m\u2019ouvrir et, au fil des ann\u00e9es, conna\u00eetre et aimer aussi les autres \u00c9glises \u00bb.  <strong>Arriv\u00e9e \u00e0 ce point, la vie de Mirvet, d\u00e9j\u00e0 si f\u00e9conde sur le plan personnel et \u0153cum\u00e9nique, fait un \u00a0saut qualitatif.<\/strong> Elle sent que Dieu l\u2019appelle \u00e0 vivre une aventure extraordinaire\u00a0: se donner totalement \u00e0 Lui. \u00ab\u00a0Dans les diff\u00e9rents focolares o\u00f9 j\u2019ai v\u00e9cu \u2013 <strong>explique-t-elle<\/strong> \u2013 je me suis trouv\u00e9e \u00eatre la seule orthodoxe au milieu de catholiques d\u2019\u00e2ges, de pays, de cultures, \u00c9glises, pens\u00e9es diff\u00e9rentes. Chercher \u00e0 vivre l\u2019unit\u00e9 avec toutes ces diff\u00e9rences est un d\u00e9fi constant, car chacune d\u2019entre nous a ses propres go\u00fbts et ses id\u00e9es, y compris dans les petites choses.  <strong><img loading=\"lazy\" decoding=\"async\" class=\"alignright size-full wp-image-160086\" src=\"https:\/\/www.focolare.org\/wp-content\/uploads\/2018\/01\/MirvetKelly._01.png\" alt=\"MirvetKelly._01\" width=\"327\" height=\"218\" \/><\/strong>Mais lorsque l\u2019on cherche \u00e0 faire sienne la r\u00e9alit\u00e9 v\u00e9cue par l\u2019autre, nous exp\u00e9rimentons que les diversit\u00e9s deviennent une richesse. Souvent nous prions r\u00e9ciproquement pour nos \u00c9glises, ce qui nous fait grandir dans notre foi et dans notre relation avec Dieu. Et presque sans nous en rendre compte, nous portons le fruit de cette communion dans nos \u00c9glises respectives, au travail, dans la vie quotidienne. Cela peut sembler une goutte d\u2019eau dans la mer, mais nos avanc\u00e9es, si petites soient-elles, unies \u00e0 celles de beaucoup d\u2019autres dans le monde, peuvent faire la diff\u00e9rence.  Dans les Pays du Moyen-Orient o\u00f9 j\u2019ai v\u00e9cu, j\u2019ai vu par exemple des pr\u00eatres aider des personnes sans se demander \u00e0 quelle \u00c9glise elles appartenaient, ou b\u00e2tir des projets entre \u00c9glises diff\u00e9rentes pour venir en aide \u00e0 ceux qui \u00e9taient dans le besoin, qu\u2019ils soient chr\u00e9tiens ou musulmans. L\u2019an dernier, catholiques et orthodoxes ont f\u00eat\u00e9 P\u00e2ques le m\u00eame jour.  Deux amis syriens qui vivent maintenant \u00e0 Vienne me racontaient r\u00e9cemment comment ils avaient \u00e9t\u00e9 aid\u00e9s, ainsi que beaucoup d\u2019autres, par un pr\u00eatre et par les focolarines catholiques dans leur recherche d\u2019une maison, de m\u00e9dicaments, d\u2019un travail. Ils ont cr\u00e9\u00e9 un groupe dans lequel ils partagent et s\u2019aident dans une commune exp\u00e9rience chr\u00e9tienne. Quelques syriennes, maintenant aux USA, me disaient que les immigr\u00e9s syro-orthodoxes sont plus de cinquante \u00e0 se rencontrer r\u00e9guli\u00e8rement, tant\u00f4t chez les orthodoxes, tant\u00f4t chez les catholiques, en exp\u00e9rimentant que Dieu est toujours avec eux\u00a0:<strong> \u00ab\u00a0Nous sommes invit\u00e9es \u2013 disaient-elles \u2013\u00a0 \u00e0 prier, \u00e0 vivre et \u00e0 aime,\u00a0 afin que le testament de J\u00e9sus\u00a0: <em>\u00ab\u00a0Que tous soient un\u00a0\u00bb<\/em>, se r\u00e9alise au plus vite\u00a0\u00bb.<\/strong><\/p>\n","protected":false},"excerpt":{"rendered":"<p>La semaine de pri\u00e8re pour l\u2019unit\u00e9 des chr\u00e9tiens (18-25 janvier) est une bonne occasion pour mieux  se conna\u00eetre. Voici l\u2019histoire d\u2019une jeune syrienne orthodoxe qui d\u00e9couvre chez les focolari un chemin pour contribuer \u00e0 l\u2019unit\u00e9 par sa propre vie.<\/p>\n","protected":false},"author":34,"featured_media":0,"comment_status":"open","ping_status":"open","sticky":false,"template":"","format":"standard","meta":{"give_campaign_id":0,"_seopress_robots_primary_cat":"","_seopress_titles_title":"","_seopress_titles_desc":"","_seopress_robots_index":"","_et_pb_use_builder":"","_et_pb_old_content":"","_et_gb_content_width":"","footnotes":""},"categories":[906],"tags":[],"class_list":["post-312698","post","type-post","status-publish","format-standard","hentry","category-focolare-worldwide-2-3"],"_links":{"self":[{"href":"https:\/\/www.focolare.org\/fr\/wp-json\/wp\/v2\/posts\/312698","targetHints":{"allow":["GET"]}}],"collection":[{"href":"https:\/\/www.focolare.org\/fr\/wp-json\/wp\/v2\/posts"}],"about":[{"href":"https:\/\/www.focolare.org\/fr\/wp-json\/wp\/v2\/types\/post"}],"author":[{"embeddable":true,"href":"https:\/\/www.focolare.org\/fr\/wp-json\/wp\/v2\/users\/34"}],"replies":[{"embeddable":true,"href":"https:\/\/www.focolare.org\/fr\/wp-json\/wp\/v2\/comments?post=312698"}],"version-history":[{"count":0,"href":"https:\/\/www.focolare.org\/fr\/wp-json\/wp\/v2\/posts\/312698\/revisions"}],"wp:attachment":[{"href":"https:\/\/www.focolare.org\/fr\/wp-json\/wp\/v2\/media?parent=312698"}],"wp:term":[{"taxonomy":"category","embeddable":true,"href":"https:\/\/www.focolare.org\/fr\/wp-json\/wp\/v2\/categories?post=312698"},{"taxonomy":"post_tag","embeddable":true,"href":"https:\/\/www.focolare.org\/fr\/wp-json\/wp\/v2\/tags?post=312698"}],"curies":[{"name":"wp","href":"https:\/\/api.w.org\/{rel}","templated":true}]}}