{"id":312732,"date":"2018-01-30T18:00:55","date_gmt":"2018-01-30T17:00:55","guid":{"rendered":"https:\/\/www.focolare.org\/brochure-dinformation-sur-chiara-lubich\/"},"modified":"2024-05-15T20:55:47","modified_gmt":"2024-05-15T18:55:47","slug":"brochure-dinformation-sur-chiara-lubich","status":"publish","type":"post","link":"https:\/\/www.focolare.org\/fr\/brochure-dinformation-sur-chiara-lubich\/","title":{"rendered":"Brochure d&rsquo;information sur Chiara Lubich"},"content":{"rendered":"<p><strong><img loading=\"lazy\" decoding=\"async\" class=\"alignleft wp-image-160682\" src=\"https:\/\/www.focolare.org\/wp-content\/uploads\/2018\/01\/Brochure_ChiaraLubich.jpg\" alt=\"Brochure_ChiaraLubich\" width=\"280\" height=\"354\" \/>Dans le cadre de la Cause de b\u00e9atification de la Servante de Dieu <a href=\"https:\/\/www.focolare.org\/fr\/chiara-lubich\/chi-e-chiara\/\">Chiara Lubich<\/a>, qui s\u2019est ouverte le 27 janvier 2015<\/strong> dans le Dioc\u00e8se de Frascati, une brochure d&rsquo;information, facile \u00e0 consulter et riche en contenus vient d&rsquo;\u00eatre publi\u00e9e sur le profil spirituel de la Fondatrice du Mouvement des Focolari, pour le moment en langue italienne.  <strong> Destin\u00e9e au grand public, elle se propose d\u2019illustrer sa vie intense, ainsi que les nombreuses \u0153uvres et initiatives qu&rsquo;elle a promues.<\/strong>  <strong>Elle s\u2019articule en trois parties : Chiara et le <a href=\"https:\/\/www.focolare.org\/fr\/chiara-lubich\/spiritualita-dellunita\/\">charisme de l\u2019unit\u00e9<\/a><\/strong> ; les \u2018\u2019grandes ouvertures\u2019\u2019 ou <strong>dialogues dans le domaine \u0153cum\u00e9nique, interreligieux et avec la culture contemporaine<\/strong> ; son intuition spirituelle sur le myst\u00e8re de \u2018\u2019<a href=\"https:\/\/www.focolare.org\/fr\/chiara-lubich\/spiritualita-dellunita\/gesu-abbandonato\/\">J\u00e9sus abandonn\u00e9<\/a>\u2019\u2019, qu&rsquo;elle a compris, <strong>v\u00e9cu et propos\u00e9 comme \u2018\u2019cl\u00e9\u2019\u2019 pour r\u00e9aliser l\u2019unit\u00e9 avec Dieu, ainsi qu&rsquo;entre les personnes et les peuples.<\/strong>  L\u2019id\u00e9e de cette publication est n\u00e9e de la n\u00e9cessit\u00e9 de faire conna\u00eetre quelque chose de l\u2019intense travail de \u2018\u2019recueil de documents\u2019\u2019 que <a href=\"https:\/\/www.facebook.com\/postulazione.chiaralubich\/\" target=\"_blank\" rel=\"noopener\">la Postulation de la Cause de b\u00e9atification de Chiara <\/a>est en train de r\u00e9aliser, en commen\u00e7ant par ce qu\u2019elle a dit sur la saintet\u00e9, comment elle l\u2019a v\u00e9cue et propos\u00e9e \u00e0 tous, en partant des lettres qu&rsquo;elle a \u00e9crites au d\u00e9but du mouvement.  Un texte r\u00e9dig\u00e9 et partag\u00e9, dans toutes les phases de son \u00e9laboration, non seulement par les membres de la Postulation mais aussi par des experts, des amis, adultes ou plus jeunes.  <strong>Pour qui d\u00e9sire recevoir un ou plusieurs exemplaires (support papier), s\u2019adresser \u00e0 :<\/strong>  Postulazione della Causa di Beatificazione di Chiara Silvia Lubich Movimento dei Focolari Via Frascati, 306 \u2013 00040 Rocca di Papa (RM) \u2013 Italie T\u00e9l\u00e9phone +39 06 947 981 39 \u2013 GSM +39 389 343 9529 E-mail : postulazionechiaralubich@focolare.org<\/p>\n","protected":false},"excerpt":{"rendered":"<p>Dans le cadre de la Cause de b\u00e9atification de la Servante de Dieu Chiara Lubich, qui s\u2019est ouverte le 27 janvier 2015 dans le Dioc\u00e8se de Frascati, une brochure d&rsquo;information, facile \u00e0 consulter et riche en contenus vient d&rsquo;\u00eatre publi\u00e9e sur le profil spirituel de la Fondatrice du Mouvement des Focolari, pour le moment en [&hellip;]<\/p>\n","protected":false},"author":34,"featured_media":0,"comment_status":"open","ping_status":"open","sticky":false,"template":"","format":"standard","meta":{"give_campaign_id":0,"_seopress_robots_primary_cat":"","_seopress_titles_title":"","_seopress_titles_desc":"","_seopress_robots_index":"","_et_pb_use_builder":"","_et_pb_old_content":"","_et_gb_content_width":"","footnotes":""},"categories":[47],"tags":[],"class_list":["post-312732","post","type-post","status-publish","format-standard","hentry","category-non-classifiee"],"_links":{"self":[{"href":"https:\/\/www.focolare.org\/fr\/wp-json\/wp\/v2\/posts\/312732","targetHints":{"allow":["GET"]}}],"collection":[{"href":"https:\/\/www.focolare.org\/fr\/wp-json\/wp\/v2\/posts"}],"about":[{"href":"https:\/\/www.focolare.org\/fr\/wp-json\/wp\/v2\/types\/post"}],"author":[{"embeddable":true,"href":"https:\/\/www.focolare.org\/fr\/wp-json\/wp\/v2\/users\/34"}],"replies":[{"embeddable":true,"href":"https:\/\/www.focolare.org\/fr\/wp-json\/wp\/v2\/comments?post=312732"}],"version-history":[{"count":0,"href":"https:\/\/www.focolare.org\/fr\/wp-json\/wp\/v2\/posts\/312732\/revisions"}],"wp:attachment":[{"href":"https:\/\/www.focolare.org\/fr\/wp-json\/wp\/v2\/media?parent=312732"}],"wp:term":[{"taxonomy":"category","embeddable":true,"href":"https:\/\/www.focolare.org\/fr\/wp-json\/wp\/v2\/categories?post=312732"},{"taxonomy":"post_tag","embeddable":true,"href":"https:\/\/www.focolare.org\/fr\/wp-json\/wp\/v2\/tags?post=312732"}],"curies":[{"name":"wp","href":"https:\/\/api.w.org\/{rel}","templated":true}]}}