{"id":312790,"date":"2018-02-20T01:10:10","date_gmt":"2018-02-20T00:10:10","guid":{"rendered":"https:\/\/www.focolare.org\/chemin-neocatechumenal\/"},"modified":"2024-05-15T20:55:57","modified_gmt":"2024-05-15T18:55:57","slug":"chemin-neocatechumenal","status":"publish","type":"post","link":"https:\/\/www.focolare.org\/fr\/chemin-neocatechumenal\/","title":{"rendered":"Chemin n\u00e9ocat\u00e9chum\u00e9nal"},"content":{"rendered":"<p><div id=\"attachment_161523\" style=\"width: 378px\" class=\"wp-caption alignleft\"><img loading=\"lazy\" decoding=\"async\" aria-describedby=\"caption-attachment-161523\" class=\"wp-image-161523 size-full\" src=\"https:\/\/www.focolare.org\/wp-content\/uploads\/2018\/02\/Cammino-Neocatecumenale.jpg\" alt=\"Cammino Neocatecumenale\" width=\"368\" height=\"252\" \/><p id=\"caption-attachment-161523\" class=\"wp-caption-text\">Mar\u00eda Ascensi\u00f3n Romero, Kiko Arg\u00fcello, P\u00e8re Mario Pezzi. Foto: Chemin N\u00e9ocat\u00e9chum\u00e9nal<\/p><\/div>  Mar\u00eda Ascensi\u00f3n Romero fait d\u00e9sormais partie de l\u2019\u00e9quipe responsable au niveau international du Chemin N\u00e9ocat\u00e9chum\u00e9nal, itin\u00e9raire de formation catholique pour adultes en vue de red\u00e9couvrir les richesses du Bapt\u00eame, actuellement pr\u00e9sent dans plus de 900 dioc\u00e8ses de 105 Pays, avec plus de 20000 communaut\u00e9s r\u00e9parties dans 6000 paroisses.  \u00abMar\u00eda Ascensi\u00f3n Romero \u2013 pr\u00e9cise un communiqu\u00e9 des n\u00e9o-cat\u00e9chum\u00e9naux \u2013 ne remplacera pas Carmen Hern\u00e1ndez (d\u00e9c\u00e9d\u00e9e le 19 juillet 2016, cofondatrice du Chemin n\u00e9ocat\u00e9chum\u00e9nal avec Kiko Arg\u00fcello), mais fera partie de l\u2019\u00e9quipe avec l\u2019initiateur du\u00a0 Chemin et le P\u00e8re Mario Pezzi\u00a0\u00bb. N\u00e9e en 1960 \u00e0 Tudela (Navarre, Espagne), elle fr\u00e9quente le Coll\u00e8ge de la Compa\u00f1\u00eda de Mar\u00eda. Alors qu\u2019elle faisait des \u00e9tudes de p\u00e9dagogie \u00e0 Soria, elle a trouv\u00e9 dans le Chemin une r\u00e9ponse \u00e0 ses questions existentielles. \u00ab\u00a0Cette \u00e9lection m\u2019a compl\u00e8tement d\u00e9contenanc\u00e9e \u2013 a-t-elle dit \u2013 car je me sens fragile et pauvre pour une mission aussi grande que celle d\u2019aider Kiko et le P\u00e8re Mario\u00a0\u00bb.<\/p>\n","protected":false},"excerpt":{"rendered":"<p>Mar\u00eda Ascensi\u00f3n Romero fait d\u00e9sormais partie de l\u2019\u00e9quipe responsable au niveau international du Chemin N\u00e9ocat\u00e9chum\u00e9nal, itin\u00e9raire de formation catholique pour adultes en vue de red\u00e9couvrir les richesses du Bapt\u00eame, actuellement pr\u00e9sent dans plus de 900 dioc\u00e8ses de 105 Pays, avec plus de 20000 communaut\u00e9s r\u00e9parties dans 6000 paroisses. \u00abMar\u00eda Ascensi\u00f3n Romero \u2013 pr\u00e9cise un communiqu\u00e9 [&hellip;]<\/p>\n","protected":false},"author":34,"featured_media":0,"comment_status":"open","ping_status":"open","sticky":false,"template":"","format":"standard","meta":{"give_campaign_id":0,"_seopress_robots_primary_cat":"","_seopress_titles_title":"","_seopress_titles_desc":"","_seopress_robots_index":"","_et_pb_use_builder":"","_et_pb_old_content":"","_et_gb_content_width":"","footnotes":""},"categories":[47],"tags":[],"class_list":["post-312790","post","type-post","status-publish","format-standard","hentry","category-non-classifiee"],"_links":{"self":[{"href":"https:\/\/www.focolare.org\/fr\/wp-json\/wp\/v2\/posts\/312790","targetHints":{"allow":["GET"]}}],"collection":[{"href":"https:\/\/www.focolare.org\/fr\/wp-json\/wp\/v2\/posts"}],"about":[{"href":"https:\/\/www.focolare.org\/fr\/wp-json\/wp\/v2\/types\/post"}],"author":[{"embeddable":true,"href":"https:\/\/www.focolare.org\/fr\/wp-json\/wp\/v2\/users\/34"}],"replies":[{"embeddable":true,"href":"https:\/\/www.focolare.org\/fr\/wp-json\/wp\/v2\/comments?post=312790"}],"version-history":[{"count":0,"href":"https:\/\/www.focolare.org\/fr\/wp-json\/wp\/v2\/posts\/312790\/revisions"}],"wp:attachment":[{"href":"https:\/\/www.focolare.org\/fr\/wp-json\/wp\/v2\/media?parent=312790"}],"wp:term":[{"taxonomy":"category","embeddable":true,"href":"https:\/\/www.focolare.org\/fr\/wp-json\/wp\/v2\/categories?post=312790"},{"taxonomy":"post_tag","embeddable":true,"href":"https:\/\/www.focolare.org\/fr\/wp-json\/wp\/v2\/tags?post=312790"}],"curies":[{"name":"wp","href":"https:\/\/api.w.org\/{rel}","templated":true}]}}