{"id":312800,"date":"2018-02-21T10:15:28","date_gmt":"2018-02-21T09:15:28","guid":{"rendered":"https:\/\/www.focolare.org\/gen-rosso-music-and-arts-village\/"},"modified":"2024-05-15T20:55:58","modified_gmt":"2024-05-15T18:55:58","slug":"gen-rosso-music-and-arts-village","status":"publish","type":"post","link":"https:\/\/www.focolare.org\/fr\/gen-rosso-music-and-arts-village\/","title":{"rendered":"Gen Rosso Music and Arts Village"},"content":{"rendered":"<p><strong><img loading=\"lazy\" decoding=\"async\" class=\"wp-image-161603 alignleft\" src=\"https:\/\/www.focolare.org\/wp-content\/uploads\/2018\/02\/Genrosso-village.jpg\" alt=\"Genrosso village\" width=\"223\" height=\"292\" \/>Le GEN ROSSO (INTERNATIONAL PERFORMING ARTS GROUP) pr\u00e9sente sa premi\u00e8re \u00e9dition de Gen Rosso <em>Music and Arts Village<\/em><em>, <\/em><\/strong>une exp\u00e9rience v\u00e9cue sur place en vue d\u2019un approfondissement artistique et d\u2019un partage des valeurs \u00e0 la lumi\u00e8re du charisme de l\u2019unit\u00e9.  Le projet entend mobiliser des jeunes professionnels et \u00e9tudiants en musique, danse, chant, th\u00e9\u00e2tre, de pr\u00e9f\u00e9rence \u00e2g\u00e9s de 18 \u00e0 30 ans. La m\u00e9thode p\u00e9dagogique est\u00a0 con\u00e7ue, mise en \u0153uvre et supervis\u00e9e par le Gen Rosso, avec des enseignants r\u00e9put\u00e9s pour leur comp\u00e9tence et leur exp\u00e9rience artistique. Le programme pr\u00e9voit l\u2019approfondissement de th\u00e9matiques sp\u00e9cifiques, des \u00e9changes d\u2019exp\u00e9riences, des moments de dialogue et des ateliers pratiques en vue d\u2019une repr\u00e9sentation finale. Les soir\u00e9es seront enrichies par d\u2019int\u00e9ressantes contributions artistiques.  La premi\u00e8re \u00e9dition de ce <strong><em>Village<\/em><\/strong> se tiendra <strong>du 25 mars <em>(arriv\u00e9e l\u2019apr\u00e8s-midi)<\/em> au 1er avril 2018<\/strong>.  &nbsp;  Le Gen Rosso, \u00e0 travers le secr\u00e9tariat du <strong><em>Village<\/em><\/strong>, est \u00e0 votre disposition pour fournir d\u2019autres informations et toute la documentation n\u00e9cessaire \u00e0 l\u2019inscription (le nombre est limit\u00e9)  &nbsp;  <strong><em>Contacts<\/em><\/strong>  Secr\u00e9tariat VILLAGE: +39 0558339821 (9h-13h, heure italienne)  Franco Gallelli\u00a0 +39 3806592166  Email secr\u00e9tariat VILLAGE:\u00a0 <strong><a href=\"mailto:village@genrosso.com\">village@genrosso.com<\/a><\/strong> \u200b<\/p>\n","protected":false},"excerpt":{"rendered":"<p>La premi\u00e8re \u00e9dition aura lieu du  25 mars au 1er avril 2018<\/p>\n","protected":false},"author":34,"featured_media":0,"comment_status":"open","ping_status":"open","sticky":false,"template":"","format":"standard","meta":{"give_campaign_id":0,"_seopress_robots_primary_cat":"","_seopress_titles_title":"","_seopress_titles_desc":"","_seopress_robots_index":"","_et_pb_use_builder":"","_et_pb_old_content":"","_et_gb_content_width":"","footnotes":""},"categories":[47],"tags":[],"class_list":["post-312800","post","type-post","status-publish","format-standard","hentry","category-non-classifiee"],"_links":{"self":[{"href":"https:\/\/www.focolare.org\/fr\/wp-json\/wp\/v2\/posts\/312800","targetHints":{"allow":["GET"]}}],"collection":[{"href":"https:\/\/www.focolare.org\/fr\/wp-json\/wp\/v2\/posts"}],"about":[{"href":"https:\/\/www.focolare.org\/fr\/wp-json\/wp\/v2\/types\/post"}],"author":[{"embeddable":true,"href":"https:\/\/www.focolare.org\/fr\/wp-json\/wp\/v2\/users\/34"}],"replies":[{"embeddable":true,"href":"https:\/\/www.focolare.org\/fr\/wp-json\/wp\/v2\/comments?post=312800"}],"version-history":[{"count":0,"href":"https:\/\/www.focolare.org\/fr\/wp-json\/wp\/v2\/posts\/312800\/revisions"}],"wp:attachment":[{"href":"https:\/\/www.focolare.org\/fr\/wp-json\/wp\/v2\/media?parent=312800"}],"wp:term":[{"taxonomy":"category","embeddable":true,"href":"https:\/\/www.focolare.org\/fr\/wp-json\/wp\/v2\/categories?post=312800"},{"taxonomy":"post_tag","embeddable":true,"href":"https:\/\/www.focolare.org\/fr\/wp-json\/wp\/v2\/tags?post=312800"}],"curies":[{"name":"wp","href":"https:\/\/api.w.org\/{rel}","templated":true}]}}