{"id":312810,"date":"2018-02-25T01:10:57","date_gmt":"2018-02-25T00:10:57","guid":{"rendered":"https:\/\/www.focolare.org\/sixieme-centenaire-de-la-vierge-de-lafrique\/"},"modified":"2024-05-15T20:56:00","modified_gmt":"2024-05-15T18:56:00","slug":"sixieme-centenaire-de-la-vierge-de-lafrique","status":"publish","type":"post","link":"https:\/\/www.focolare.org\/fr\/sixieme-centenaire-de-la-vierge-de-lafrique\/","title":{"rendered":"Sixi\u00e8me centenaire de la \u00ab\u00a0Vierge de l&rsquo;Afrique\u00a0\u00bb"},"content":{"rendered":"<p><strong><img loading=\"lazy\" decoding=\"async\" class=\"alignleft wp-image-161715\" src=\"https:\/\/www.focolare.org\/wp-content\/uploads\/2018\/02\/vergine_africa_600anni.jpg\" alt=\"vergine_africa_600anni\" width=\"300\" height=\"225\" \/>Au Sud-Est du D\u00e9troit de Gibraltar, la ville de Ceuta, ainsi que celle de Melilla,\u00a0 toute proche, se pr\u00e9sentent aujourd\u2019hui comme une enclave espagnole en terre africaine,<\/strong> un r\u00e9sidu de la \u00a0colonisation. Toutes deux ouvertes sur la M\u00e9diterran\u00e9e, elles constituent un pont entre les deux continents dans cette r\u00e9gion autrefois consid\u00e9r\u00e9e comme l\u2019extr\u00e9mit\u00e9 du monde. \u00a0Par leur position strat\u00e9gique sur une frange c\u00f4ti\u00e8re privil\u00e9gi\u00e9e, les deux villes, depuis des d\u00e9cennies, repr\u00e9sentent pour les migrants des portes d\u2019acc\u00e8s en Europe, malgr\u00e9 le mur de s\u00e9paration. Chaque jour, des hommes, des femmes et des enfants originaires des pays africains les plus divers fuient la guerre, la pauvret\u00e9 et toutes sortes de pers\u00e9cutions. Ils traversent ainsi\u00a0 des \u00c9tats entiers pour essayer de franchir la fronti\u00e8re barricad\u00e9e\u00a0 proche de la ville de Ceuta:\u00a0 une alternative au voyage par mer encore bien plus dangereux. C\u2019est pr\u00e9cis\u00e9ment \u00a0sur cette bande de terre, qui depuis 1851 fait partie du Dioc\u00e8se de Cadix, qu\u2019on se pr\u00e9pare aux grandes festivit\u00e9s qui c\u00e9l\u00e8breront <strong>les 600 ans de l\u2019arriv\u00e9e de celle qu&rsquo;on appelle depuis \u2018\u2019La Vierge de l\u2019Afrique\u2019\u2019<\/strong>, une unique pi\u00e8ce en bois qui repr\u00e9sente Marie assise, tenant dans ses bras le corps du Christ mort. Depuis 1949, \u00e0 la demande du Pape Pie XII, cette Vierge est la patronne de la ville de Ceuta..<\/p>\n","protected":false},"excerpt":{"rendered":"<p>Au Sud-Est du D\u00e9troit de Gibraltar, la ville de Ceuta, ainsi que celle de Melilla,\u00a0 toute proche, se pr\u00e9sentent aujourd\u2019hui comme une enclave espagnole en terre africaine, un r\u00e9sidu de la \u00a0colonisation. Toutes deux ouvertes sur la M\u00e9diterran\u00e9e, elles constituent un pont entre les deux continents dans cette r\u00e9gion autrefois consid\u00e9r\u00e9e comme l\u2019extr\u00e9mit\u00e9 du monde. [&hellip;]<\/p>\n","protected":false},"author":34,"featured_media":0,"comment_status":"open","ping_status":"open","sticky":false,"template":"","format":"standard","meta":{"give_campaign_id":0,"_seopress_robots_primary_cat":"","_seopress_titles_title":"","_seopress_titles_desc":"","_seopress_robots_index":"","_et_pb_use_builder":"","_et_pb_old_content":"","_et_gb_content_width":"","footnotes":""},"categories":[47],"tags":[],"class_list":["post-312810","post","type-post","status-publish","format-standard","hentry","category-non-classifiee"],"_links":{"self":[{"href":"https:\/\/www.focolare.org\/fr\/wp-json\/wp\/v2\/posts\/312810","targetHints":{"allow":["GET"]}}],"collection":[{"href":"https:\/\/www.focolare.org\/fr\/wp-json\/wp\/v2\/posts"}],"about":[{"href":"https:\/\/www.focolare.org\/fr\/wp-json\/wp\/v2\/types\/post"}],"author":[{"embeddable":true,"href":"https:\/\/www.focolare.org\/fr\/wp-json\/wp\/v2\/users\/34"}],"replies":[{"embeddable":true,"href":"https:\/\/www.focolare.org\/fr\/wp-json\/wp\/v2\/comments?post=312810"}],"version-history":[{"count":0,"href":"https:\/\/www.focolare.org\/fr\/wp-json\/wp\/v2\/posts\/312810\/revisions"}],"wp:attachment":[{"href":"https:\/\/www.focolare.org\/fr\/wp-json\/wp\/v2\/media?parent=312810"}],"wp:term":[{"taxonomy":"category","embeddable":true,"href":"https:\/\/www.focolare.org\/fr\/wp-json\/wp\/v2\/categories?post=312810"},{"taxonomy":"post_tag","embeddable":true,"href":"https:\/\/www.focolare.org\/fr\/wp-json\/wp\/v2\/tags?post=312810"}],"curies":[{"name":"wp","href":"https:\/\/api.w.org\/{rel}","templated":true}]}}