{"id":312844,"date":"2018-03-07T01:07:02","date_gmt":"2018-03-07T00:07:02","guid":{"rendered":"https:\/\/www.focolare.org\/colombie-la-verite-dans-la-reconciliation\/"},"modified":"2024-05-15T20:56:07","modified_gmt":"2024-05-15T18:56:07","slug":"colombie-la-verite-dans-la-reconciliation","status":"publish","type":"post","link":"https:\/\/www.focolare.org\/fr\/colombie-la-verite-dans-la-reconciliation\/","title":{"rendered":"Colombie &#8211; La v\u00e9rit\u00e9 dans la r\u00e9conciliation"},"content":{"rendered":"<p><iframe loading=\"lazy\" title=\"Colombie - La v\u00e9rit\u00e9 dans la r\u00e9conciliation\" src=\"https:\/\/player.vimeo.com\/video\/257672253?dnt=1&amp;app_id=122963\" width=\"1080\" height=\"608\" frameborder=\"0\" allow=\"autoplay; fullscreen; picture-in-picture; clipboard-write\"><\/iframe><\/p>\n","protected":false},"excerpt":{"rendered":"<p>Le carnet de voyage d\u2019Adriana Avellaneda, focolarine colombienne actuellement en Italie, nous conduit dans son Pays  \u00e0 la rencontre de ceux qui, confront\u00e9s \u00e0 de nombreuses contradictions, vivent et luttent pour le processus de paix.<\/p>\n","protected":false},"author":34,"featured_media":0,"comment_status":"open","ping_status":"open","sticky":false,"template":"","format":"standard","meta":{"give_campaign_id":0,"_seopress_robots_primary_cat":"","_seopress_titles_title":"","_seopress_titles_desc":"","_seopress_robots_index":"","_et_pb_use_builder":"","_et_pb_old_content":"","_et_gb_content_width":"","footnotes":""},"categories":[47],"tags":[],"class_list":["post-312844","post","type-post","status-publish","format-standard","hentry","category-non-classifiee"],"_links":{"self":[{"href":"https:\/\/www.focolare.org\/fr\/wp-json\/wp\/v2\/posts\/312844","targetHints":{"allow":["GET"]}}],"collection":[{"href":"https:\/\/www.focolare.org\/fr\/wp-json\/wp\/v2\/posts"}],"about":[{"href":"https:\/\/www.focolare.org\/fr\/wp-json\/wp\/v2\/types\/post"}],"author":[{"embeddable":true,"href":"https:\/\/www.focolare.org\/fr\/wp-json\/wp\/v2\/users\/34"}],"replies":[{"embeddable":true,"href":"https:\/\/www.focolare.org\/fr\/wp-json\/wp\/v2\/comments?post=312844"}],"version-history":[{"count":0,"href":"https:\/\/www.focolare.org\/fr\/wp-json\/wp\/v2\/posts\/312844\/revisions"}],"wp:attachment":[{"href":"https:\/\/www.focolare.org\/fr\/wp-json\/wp\/v2\/media?parent=312844"}],"wp:term":[{"taxonomy":"category","embeddable":true,"href":"https:\/\/www.focolare.org\/fr\/wp-json\/wp\/v2\/categories?post=312844"},{"taxonomy":"post_tag","embeddable":true,"href":"https:\/\/www.focolare.org\/fr\/wp-json\/wp\/v2\/tags?post=312844"}],"curies":[{"name":"wp","href":"https:\/\/api.w.org\/{rel}","templated":true}]}}