{"id":312864,"date":"2018-03-14T01:10:09","date_gmt":"2018-03-14T00:10:09","guid":{"rendered":"https:\/\/www.focolare.org\/histoire-de-chiara-lubich\/"},"modified":"2024-05-15T20:56:10","modified_gmt":"2024-05-15T18:56:10","slug":"histoire-de-chiara-lubich","status":"publish","type":"post","link":"https:\/\/www.focolare.org\/fr\/histoire-de-chiara-lubich\/","title":{"rendered":"Histoire de Chiara Lubich"},"content":{"rendered":"<p><iframe loading=\"lazy\" title=\"Chiara Lubich   (Fran\u00e7ais)\" width=\"1080\" height=\"608\" src=\"https:\/\/www.youtube.com\/embed\/Yiv8qNV00Fo?feature=oembed\"  allow=\"accelerometer; autoplay; clipboard-write; encrypted-media; gyroscope; picture-in-picture; web-share\" referrerpolicy=\"strict-origin-when-cross-origin\" allowfullscreen><\/iframe><\/p>\n","protected":false},"excerpt":{"rendered":"<p>Aujourd\u2019hui, 14 mars, il y a dix ans qu\u2019elle nous a quitt\u00e9s. Voici une vid\u00e9o qui r\u00e9sume son parcours extraordinaire : depuis la petite ville de Trente au Nord de l\u2019Italie, jusqu\u2019aux \u00ab derniers confins de la terre \u00bb.  Depuis la d\u00e9couverte de Dieu comme Amour, au cours de la seconde guerre mondiale, jusqu\u2019au d\u00e9veloppement d\u2019une spiritualit\u00e9 de communion adapt\u00e9e \u00e0 notre temps, fruit du charisme de l\u2019unit\u00e9 qu\u2019elle a re\u00e7u pour l\u2019\u00c9glise et pour l\u2019humanit\u00e9.<img loading=\"lazy\" decoding=\"async\" class=\"wp-image-160491 alignright\" src=\"https:\/\/www.focolare.org\/wp-content\/uploads\/2018\/01\/Anniversary_logo.jpg\" alt=\"Anniversary_logo\" width=\"50\" height=\"50\" \/><\/p>\n","protected":false},"author":34,"featured_media":0,"comment_status":"open","ping_status":"open","sticky":false,"template":"","format":"standard","meta":{"give_campaign_id":0,"_seopress_robots_primary_cat":"","_seopress_titles_title":"","_seopress_titles_desc":"","_seopress_robots_index":"","_et_pb_use_builder":"","_et_pb_old_content":"","_et_gb_content_width":"","footnotes":""},"categories":[47],"tags":[],"class_list":["post-312864","post","type-post","status-publish","format-standard","hentry","category-non-classifiee"],"_links":{"self":[{"href":"https:\/\/www.focolare.org\/fr\/wp-json\/wp\/v2\/posts\/312864","targetHints":{"allow":["GET"]}}],"collection":[{"href":"https:\/\/www.focolare.org\/fr\/wp-json\/wp\/v2\/posts"}],"about":[{"href":"https:\/\/www.focolare.org\/fr\/wp-json\/wp\/v2\/types\/post"}],"author":[{"embeddable":true,"href":"https:\/\/www.focolare.org\/fr\/wp-json\/wp\/v2\/users\/34"}],"replies":[{"embeddable":true,"href":"https:\/\/www.focolare.org\/fr\/wp-json\/wp\/v2\/comments?post=312864"}],"version-history":[{"count":0,"href":"https:\/\/www.focolare.org\/fr\/wp-json\/wp\/v2\/posts\/312864\/revisions"}],"wp:attachment":[{"href":"https:\/\/www.focolare.org\/fr\/wp-json\/wp\/v2\/media?parent=312864"}],"wp:term":[{"taxonomy":"category","embeddable":true,"href":"https:\/\/www.focolare.org\/fr\/wp-json\/wp\/v2\/categories?post=312864"},{"taxonomy":"post_tag","embeddable":true,"href":"https:\/\/www.focolare.org\/fr\/wp-json\/wp\/v2\/tags?post=312864"}],"curies":[{"name":"wp","href":"https:\/\/api.w.org\/{rel}","templated":true}]}}