{"id":312898,"date":"2018-03-24T00:10:23","date_gmt":"2018-03-23T23:10:23","guid":{"rendered":"https:\/\/www.focolare.org\/seigneur-en-toi-jai-mis-mon-espoir\/"},"modified":"2024-05-15T20:56:16","modified_gmt":"2024-05-15T18:56:16","slug":"seigneur-en-toi-jai-mis-mon-espoir","status":"publish","type":"post","link":"https:\/\/www.focolare.org\/fr\/seigneur-en-toi-jai-mis-mon-espoir\/","title":{"rendered":"Seigneur, en toi j\u2019ai mis mon espoir"},"content":{"rendered":"<p><img alt=\"\" alt=\"\" loading=\"lazy\" decoding=\"async\" class=\"alignleft wp-image-162967\" src=\"https:\/\/www.focolare.org\/wp-content\/uploads\/2018\/03\/PalmSunday.jpg\" alt=\"\" width=\"320\" height=\"221\" \/>\u00ab\u00a0En toi Seigneur j\u2019ai mis mon espoir\u00a0; je ne serai pas confondu pour l\u2019\u00e9ternit\u00e9 (Ps 71,1)\u00a0\u00bb.  C\u2019est par cette phrase que l\u2019\u00e9v\u00eaque Klaus Hemmerle, d\u00e9j\u00e0 gravement malade, ouvrait sa derni\u00e8re hom\u00e9lie \u00e0 la cath\u00e9drale d\u2019Aix-la-Chapelle (Allemagne). C\u2019\u00e9tait \u00e0 la fin de l\u2019ann\u00e9e 1993.  \u201c Dieu, tu me soutiens fortement tel que je suis maintenant.  Dieu, tu soutiens le monde tel qu\u2019il est.  Dieu, tu soutiens fortement ce prochain tel qu\u2019il est.  \u00catre soutenus par Lui qui est descendu dans la <em>\u00ab\u00a0kenosi\u00a0\u00bb, <\/em>qui s\u2019est d\u00e9barrass\u00e9 de tout et a pris la forme d\u2019esclave\u00a0: voil\u00e0 l\u2019unique voie par laquelle peut se rouvrir pour nous la porte de l\u2019esp\u00e9rance.  L\u2019accueillir, Lui qui nous a accueillis en premier.  Se laisser porter par Lui.  Croire que nous sommes soutenus par Lui,  Voil\u00e0 le trou de l\u2019aiguille par lequel passe le fil de l\u2019esp\u00e9rance que nous recevons.  Ce Dieu peut vraiment nous donner l\u2019esp\u00e9rance.  Et l\u00e0 notre \u00c9glise avec toutes ses erreurs et ses faiblesses, toutes ses requ\u00eates et les d\u00e9fis trop grands et trop petits, peut devenir une r\u00e9alit\u00e9 extraordinaire\u00a0: une communaut\u00e9 d\u2019hommes qui croient au fait qu\u2019ils ont \u00e9t\u00e9 accueillis et soutenus, une communaut\u00e9 d\u2019hommes qui se soutiennent mutuellement, o\u00f9 chacun soutient l\u2019autre\u00a0\u00bb.  &nbsp;  Extrait de \u00ab\u00a0Klaus Hemmerle, amoureux de la Parole de Dieu\u00a0\u00bb &#8211; Citt\u00e0 Nuova Ed.\u00a0 p. 290-291  &nbsp;<\/p>\n","protected":false},"excerpt":{"rendered":"<p>Une pens\u00e9e de Klaus Hemmerle en ce Dimanche des Rameaux qui rappelle l\u2019entr\u00e9e triomphale de J\u00e9sus \u00e0 J\u00e9rusalem, avant de mourir sur la croix.<\/p>\n","protected":false},"author":34,"featured_media":0,"comment_status":"open","ping_status":"open","sticky":false,"template":"","format":"standard","meta":{"give_campaign_id":0,"_seopress_robots_primary_cat":"","_seopress_titles_title":"","_seopress_titles_desc":"","_seopress_robots_index":"","_et_pb_use_builder":"","_et_pb_old_content":"","_et_gb_content_width":"","footnotes":""},"categories":[47],"tags":[],"class_list":["post-312898","post","type-post","status-publish","format-standard","hentry","category-non-classifiee"],"_links":{"self":[{"href":"https:\/\/www.focolare.org\/fr\/wp-json\/wp\/v2\/posts\/312898","targetHints":{"allow":["GET"]}}],"collection":[{"href":"https:\/\/www.focolare.org\/fr\/wp-json\/wp\/v2\/posts"}],"about":[{"href":"https:\/\/www.focolare.org\/fr\/wp-json\/wp\/v2\/types\/post"}],"author":[{"embeddable":true,"href":"https:\/\/www.focolare.org\/fr\/wp-json\/wp\/v2\/users\/34"}],"replies":[{"embeddable":true,"href":"https:\/\/www.focolare.org\/fr\/wp-json\/wp\/v2\/comments?post=312898"}],"version-history":[{"count":0,"href":"https:\/\/www.focolare.org\/fr\/wp-json\/wp\/v2\/posts\/312898\/revisions"}],"wp:attachment":[{"href":"https:\/\/www.focolare.org\/fr\/wp-json\/wp\/v2\/media?parent=312898"}],"wp:term":[{"taxonomy":"category","embeddable":true,"href":"https:\/\/www.focolare.org\/fr\/wp-json\/wp\/v2\/categories?post=312898"},{"taxonomy":"post_tag","embeddable":true,"href":"https:\/\/www.focolare.org\/fr\/wp-json\/wp\/v2\/tags?post=312898"}],"curies":[{"name":"wp","href":"https:\/\/api.w.org\/{rel}","templated":true}]}}