{"id":312962,"date":"2018-04-17T23:10:20","date_gmt":"2018-04-17T21:10:20","guid":{"rendered":"https:\/\/www.focolare.org\/le-conseil-oecumenique-des-eglises-fete-ses-70-ans\/"},"modified":"2024-05-15T20:56:29","modified_gmt":"2024-05-15T18:56:29","slug":"le-conseil-oecumenique-des-eglises-fete-ses-70-ans","status":"publish","type":"post","link":"https:\/\/www.focolare.org\/fr\/le-conseil-oecumenique-des-eglises-fete-ses-70-ans\/","title":{"rendered":"Le Conseil \u0153cum\u00e9nique des \u00c9glises f\u00eate ses 70 ans"},"content":{"rendered":"<p><div id=\"attachment_164333\" style=\"width: 703px\" class=\"wp-caption alignnone\"><a href=\"https:\/\/www.youtube.com\/c\/worldcouncilofchurches\/live\"><img alt=\"\" alt=\"\" loading=\"lazy\" decoding=\"async\" aria-describedby=\"caption-attachment-164333\" class=\"wp-image-164333 size-full\" src=\"https:\/\/www.focolare.org\/wp-content\/uploads\/2018\/04\/WCC-70French.jpg\" alt=\"\" width=\"693\" height=\"210\" \/><\/a><p id=\"caption-attachment-164333\" class=\"wp-caption-text\"><a href=\"https:\/\/www.youtube.com\/c\/worldcouncilofchurches\/live\" target=\"_blank\" rel=\"noopener\">Voir l&rsquo;\u00e9v\u00e9nement en streaming<\/a><\/p><\/div>  <strong>\u00ab\u00a0Cheminer ensemble, en servant la justice et la paix\u00a0\u00bb<\/strong>. Fid\u00e8le \u00e0 cet objectif, le Conseil \u0153cum\u00e9nique des \u00c9glises, l\u2019organisme qui \u0153uvre pour le dialogue entre les diff\u00e9rentes \u00c9glises chr\u00e9tiennes, <strong>s\u2019appr\u00eate \u00e0 c\u00e9l\u00e9brer le 70<sup>\u00e8me<\/sup> anniversaire de sa constitution, fond\u00e9e en 1948<\/strong>. Au cours de cette ann\u00e9e se pr\u00e9senteront diverses occasions de prendre en consid\u00e9ration les r\u00e9sultats du travail r\u00e9alis\u00e9 pour l\u2019unit\u00e9 des chr\u00e9tiens, et en m\u00eame temps de renouveler l\u2019engagement \u00e0 relever les d\u00e9fis \u00e0 venir, en vue d\u2019une pleine communion, pour mieux r\u00e9pondre \u00e0 l\u2019appel de Dieu \u00e0 l\u2019unit\u00e9 de la famille humaine, \u00e0 la justice et \u00e0 la paix dans le monde.  Parmi les \u00e9v\u00e9nements, <strong>le 18 avril \u00e0 Gen\u00e8ve (Suisse), le Mouvement des Focolari<\/strong>\u00a0 \u00a0organise une manifestation pour rappeler <strong>la riche collaboration et l\u2019amiti\u00e9 entre Chiara Lubich et le Mouvement des Focolari et le Conseil \u0152cum\u00e9nique des \u00c9glises<\/strong>. Au programme, parmi les intervenants, la relation du Pasteur Olav Fykse Tveit, Secr\u00e9taire g\u00e9n\u00e9ral du Conseil et celle de Jes\u00fas Mor\u00e1n, copr\u00e9sident du Mouvement des Focolari.  <a href=\"https:\/\/www.youtube.com\/c\/worldcouncilofchurches\/live\" target=\"_blank\" rel=\"noopener\"><span id=\"result_box\" class=\"short_text\" lang=\"fr\"><span class=\"\">Voir l&rsquo;\u00e9v\u00e9nement en streaming<\/span><\/span><\/a>  &nbsp;<\/p>\n","protected":false},"excerpt":{"rendered":"<p>\u00ab\u00a0Cheminer ensemble, en servant la justice et la paix\u00a0\u00bb. Fid\u00e8le \u00e0 cet objectif, le Conseil \u0153cum\u00e9nique des \u00c9glises, l\u2019organisme qui \u0153uvre pour le dialogue entre les diff\u00e9rentes \u00c9glises chr\u00e9tiennes, s\u2019appr\u00eate \u00e0 c\u00e9l\u00e9brer le 70\u00e8me anniversaire de sa constitution, fond\u00e9e en 1948. Au cours de cette ann\u00e9e se pr\u00e9senteront diverses occasions de prendre en consid\u00e9ration les [&hellip;]<\/p>\n","protected":false},"author":34,"featured_media":0,"comment_status":"open","ping_status":"open","sticky":false,"template":"","format":"standard","meta":{"give_campaign_id":0,"_seopress_robots_primary_cat":"","_seopress_titles_title":"","_seopress_titles_desc":"","_seopress_robots_index":"","_et_pb_use_builder":"","_et_pb_old_content":"","_et_gb_content_width":"","footnotes":""},"categories":[47],"tags":[],"class_list":["post-312962","post","type-post","status-publish","format-standard","hentry","category-non-classifiee"],"_links":{"self":[{"href":"https:\/\/www.focolare.org\/fr\/wp-json\/wp\/v2\/posts\/312962","targetHints":{"allow":["GET"]}}],"collection":[{"href":"https:\/\/www.focolare.org\/fr\/wp-json\/wp\/v2\/posts"}],"about":[{"href":"https:\/\/www.focolare.org\/fr\/wp-json\/wp\/v2\/types\/post"}],"author":[{"embeddable":true,"href":"https:\/\/www.focolare.org\/fr\/wp-json\/wp\/v2\/users\/34"}],"replies":[{"embeddable":true,"href":"https:\/\/www.focolare.org\/fr\/wp-json\/wp\/v2\/comments?post=312962"}],"version-history":[{"count":0,"href":"https:\/\/www.focolare.org\/fr\/wp-json\/wp\/v2\/posts\/312962\/revisions"}],"wp:attachment":[{"href":"https:\/\/www.focolare.org\/fr\/wp-json\/wp\/v2\/media?parent=312962"}],"wp:term":[{"taxonomy":"category","embeddable":true,"href":"https:\/\/www.focolare.org\/fr\/wp-json\/wp\/v2\/categories?post=312962"},{"taxonomy":"post_tag","embeddable":true,"href":"https:\/\/www.focolare.org\/fr\/wp-json\/wp\/v2\/tags?post=312962"}],"curies":[{"name":"wp","href":"https:\/\/api.w.org\/{rel}","templated":true}]}}