{"id":312976,"date":"2018-04-20T23:10:25","date_gmt":"2018-04-20T21:10:25","guid":{"rendered":"https:\/\/www.focolare.org\/dialogue-et-unite-des-chretiens\/"},"modified":"2024-05-15T20:56:31","modified_gmt":"2024-05-15T18:56:31","slug":"dialogue-et-unite-des-chretiens","status":"publish","type":"post","link":"https:\/\/www.focolare.org\/fr\/dialogue-et-unite-des-chretiens\/","title":{"rendered":"Dialogue et unit\u00e9 des chr\u00e9tiens"},"content":{"rendered":"<p><div id=\"attachment_164563\" style=\"width: 260px\" class=\"wp-caption alignright\"><a href=\"https:\/\/www.focolare.org\/wp-content\/uploads\/2018\/04\/WCC_JesusMoran.jpg\"><img alt=\"\" alt=\"\" loading=\"lazy\" decoding=\"async\" aria-describedby=\"caption-attachment-164563\" class=\"wp-image-164563\" src=\"https:\/\/www.focolare.org\/wp-content\/uploads\/2018\/04\/WCC_JesusMoran.jpg\" alt=\"\" width=\"250\" height=\"349\" \/><\/a><p id=\"caption-attachment-164563\" class=\"wp-caption-text\">Jes\u00fas Mor\u00e1n. Photo \u00a9 2018 Conseil \u0152cum\u00e9nique des \u00c9glise<\/p><\/div>  <strong>\u00ab\u00a0Avec le progr\u00e8s des moyens de transport et des techniques d\u2019information, l\u2019univers s\u2019est brusquement r\u00e9tr\u00e9ci<\/strong>\u00a0; les distances ont cess\u00e9 d\u2019\u00eatre un obstacle aux contacts entre les hommes les plus divers\u00a0\u00bb. Et pourtant cette multiplication des relations \u00ab\u00a0d\u00e9bouche la plupart du temps sur une multiplication des barri\u00e8res et des incompr\u00e9hensions\u00a0\u00bb. L\u2019intervention de <a href=\"https:\/\/www.focolare.org\/fr\/news\/2014\/09\/17\/jesus-moran-cepedano\/\">Jes\u00fas Mor\u00e1n<\/a> \u00e0 Gen\u00e8ve sur le dialogue, caract\u00e9ristique \u00e9mergente de notre \u00e9poque, bien qu\u2019encore inachev\u00e9e,\u00a0 d\u00e9bute par la citation de ces propos de <strong>Roger Bastide<\/strong>, anthropologue fran\u00e7ais, qui a v\u00e9cu au si\u00e8cle dernier. \u00ab\u00a0L\u2019humanit\u00e9 est plus que jamais proche d\u2019\u00eatre elle-m\u00eame, mais elle se voit dans l\u2019obligation de constater son incapacit\u00e9 \u00e0 r\u00e9pondre \u00e0 sa vocation\u00a0\u00bb. <strong>Le contexte est celui d\u2019un \u00e9v\u00e9nement suscit\u00e9 pour rappeler la riche collaboration et l\u2019amiti\u00e9 entre le Mouvement des Focoalri et <a href=\"https:\/\/www.focolare.org\/fr\/chiara-lubich\/chi-e-chiara\/\">Chiara Lubich<\/a> et Le Conseil \u0152cum\u00e9nique des \u00c9glises<\/strong>, l\u2019organisme, cr\u00e9\u00e9 en 1948, qui a fait du dialogue le principal instrument d\u2019une effective recherche d\u2019unit\u00e9 entre les \u00c9glise Chr\u00e9tiennes. Le dialogue \u2013 soutient le copr\u00e9sident des Focolari \u2013 est si enracin\u00e9 dans la nature humaine que dans toutes les cultures, occidentales et orientales, nous pouvons en trouver les \u00ab\u00a0sources\u00a0\u00bb.  <strong>Pour les chr\u00e9tiens, J\u00e9sus lui-m\u00eame est la \u00ab\u00a0cl\u00e9\u00a0\u00bb du dialogue\u00a0: l\u2019amour r\u00e9ciproque<\/strong>, perdre sa propre vie par amour jusqu\u2019\u00e0 l\u2019abandon.\u00bb Quels sont les points forts d\u2019une culture du dialogue\u00a0? \u2013 se demande <em>Mor\u00e1n<\/em> -. Le premier est que le dialogue est inscrit dans la nature de l\u2019homme. L\u2019homme devient davantage homme dans le dialogue\u00a0\u00bb. Le deuxi\u00e8me est que \u00ab\u00a0dans le dialogue chaque homme est compl\u00e9t\u00e9 par le don de l\u2019autre. Nous avons besoin\u00a0 les uns des autres pour \u00eatre nous-m\u00eames. Dans le dialogue je fais don \u00e0 l\u2019autre de mon alt\u00e9rit\u00e9, de ma diversit\u00e9\u00a0\u00bb. De plus \u00ab\u00a0chaque dialogue est toujours une rencontre personnelle. Il n\u2019est pas \u00a0seulement fait de paroles ou de pens\u00e9es, mais il consiste \u00e0 donner notre propre \u00eatre. Le dialogue n\u2019est pas une simple conversation, ni une discussion, mais quelque chose qui touche au plus profond des interlocuteurs\u00a0\u00bb.  <a href=\"https:\/\/www.focolare.org\/wp-content\/uploads\/2018\/04\/WCC_70thanniversary_b.jpg\"><img alt=\"\" alt=\"\" loading=\"lazy\" decoding=\"async\" class=\"alignleft wp-image-164562\" src=\"https:\/\/www.focolare.org\/wp-content\/uploads\/2018\/04\/WCC_70thanniversary_b.jpg\" alt=\"\" width=\"368\" height=\"246\" \/><\/a>Et d\u2019ajouter: \u201cLe dialogue exige silence et \u00e9coute\u201d et \u201cconstitue une exp\u00e9rience existentielle, parce que nous y risquons nous-m\u00eames, notre vision des choses, notre \u00ab\u00a0identit\u00e9\u00a0\u00bb, y compris culturelle, eccl\u00e9siale, qui toutefois ne sera pas perdue mais enrichie dans son ouverture\u00a0\u00bb. \u00ab\u00a0Le dialogue authentique n\u2019est pas sans lien avec la v\u00e9rit\u00e9, il est toujours un approfondissement de la v\u00e9rit\u00e9. [\u2026] Chacun participe et partage avec les autres sa propre relation \u00e0 la v\u00e9rit\u00e9, qui est une pour tous\u201d. \u00ab\u00a0Le dialogue \u2013 poursuit Mor\u00e1n \u2013 exige beaucoup de volont\u00e9. Comme le dit Chiara Lubich, <strong>il s\u2019agit de \u00ab\u00a0Se faire un de la mani\u00e8re la plus profonde\u00a0\u00bb<\/strong>. Le mod\u00e8le sublime et ineffable de ce dynamisme d\u2019amour est, nous le savons,<a href=\"https:\/\/www.focolare.org\/fr\/chiara-lubich\/spiritualita-dellunita\/gesu-abbandonato\/\"> J\u00e9sus Abandonn\u00e9.<\/a> Il repr\u00e9sente vraiment le risque de l\u2019alt\u00e9rit\u00e9 qui conduit \u00e0 la r\u00e9ciprocit\u00e9. [\u2026] \u00a0En se perdant par amour, Il a gagn\u00e9 pour nous et en nous un espace \u00e9ternel de lumi\u00e8re et de V\u00e9rit\u00e9\u00a0: l\u2019Esprit Saint\u00a0\u00bb. Enfin le dialogue n\u2019est possible qu\u2019entre personnes vraies \u00bb, sur la base d\u2019une loi, \u00ab\u00a0celle de la r\u00e9ciprocit\u00e9, o\u00f9 il trouve son sens et sa l\u00e9gitimit\u00e9\u00a0\u00bb.  <strong><a href=\"https:\/\/www.focolare.org\/wp-content\/uploads\/2018\/04\/WCC_70thanniversary_a.jpg\"><img alt=\"\" alt=\"\" loading=\"lazy\" decoding=\"async\" class=\"wp-image-164566 alignright\" src=\"https:\/\/www.focolare.org\/wp-content\/uploads\/2018\/04\/WCC_70thanniversary_a.jpg\" alt=\"\" width=\"368\" height=\"235\" \/><\/a>Jes\u00fas Mor\u00e1n d\u00e9crit ensuite un aspect ult\u00e9rieur, mis en \u00e9vidence par la contribution sp\u00e9cifique des Focolari \u00e0 la cause de l\u2019unit\u00e9 des chr\u00e9tiens: le \u201cdialogue de la vie\u201d.<\/strong> Celui-ci conduit \u00e0 \u00ab\u00a0vivre des relations fond\u00e9es sur l\u2019\u00c9vangile, sur l\u2019\u00e9change d\u2019exp\u00e9riences, sur tout ce que l\u2019on a de plus pr\u00e9cieux \u00e0 \u00a0partager avec nos fr\u00e8re et s\u0153urs appartenant \u00e0 une autre \u00c9glise \u00bb.\u00a0 Citant les paroles du cardinal<strong> Walter Kasper<\/strong>, \u00e9v\u00eaque et th\u00e9ologien catholique, pr\u00e9sident du Conseil Pontifical pour la Promotion de l\u2019Unit\u00e9 des Chr\u00e9tiens (\u00ab\u00a0L\u2019\u0153cum\u00e9nisme de l\u2019amour et l\u2019\u0153cum\u00e9nisme de la v\u00e9rit\u00e9, qui ont assur\u00e9ment toute leur importance, doivent se concr\u00e9tiser au moyen d\u2019un \u0153cum\u00e9nisme de la vie\u00a0\u00bb), Mor\u00e1n fait observer\u00a0:\u00a0\u00ab\u00a0Il faut se convaincre que cette dimension vitale du dialogue n\u2019est pas d\u00e9pourvue de pens\u00e9e th\u00e9ologique, mais elle se situe \u00e0 un niveau fondamental et plus radical, \u00e0 partir duquel, et seulement \u00e0 partir duquel, on peut acc\u00e9der, dans un second temps et avec un v\u00e9ritable profit, au niveau de la raison th\u00e9ologique\u00a0\u00bb. \u00ab\u00a0Le dialogue \u2013 conclut\u00a0 \u00a0Mor\u00e1n \u2013 est le rythme des relations trinitaires. En lui il y a un \u00e9change continuel des r\u00f4les et des dons. [\u2026]  <strong>Rien n\u2019est perdu<\/strong>. Dans le risque du dialogue se joue le tout de notre personne et de celle de l\u2019autre, dans l\u2019espace transcendant de l\u2019Esprit qui nous unit. En lui il y a donc toute l\u2019humanit\u00e9. <strong>Celui qui dialogue fait l\u2019histoire\u00a0<\/strong>\u00bb.  <strong>Foto gallery: <\/strong><a href=\"https:\/\/oikoumene.photoshelter.com\/galleries\/C0000zK3nWPEUFR4\/G00006QgFE7BBg70\/I0000gCu01lSFFvw\/WCC-and-the-Focolare\">https:\/\/oikoumene.photoshelter.com\/galleries<\/a><\/p>\n","protected":false},"excerpt":{"rendered":"<p>Dans son discours prononc\u00e9  \u00e0 Gen\u00e8ve, le 18 avril, \u00e0 l\u2019occasion du 70\u00e8me anniversaire du Conseil \u0152cum\u00e9nique des \u00c9glises, Jes\u00fas Mor\u00e1n, copr\u00e9sident des Focolari, brosse le tableau de quelques aspects culturels, anthropologiques et eccl\u00e9siaux du dialogue. En voici une  synth\u00e8se.<\/p>\n","protected":false},"author":34,"featured_media":0,"comment_status":"open","ping_status":"open","sticky":false,"template":"","format":"standard","meta":{"give_campaign_id":0,"_seopress_robots_primary_cat":"","_seopress_titles_title":"","_seopress_titles_desc":"","_seopress_robots_index":"","_et_pb_use_builder":"","_et_pb_old_content":"","_et_gb_content_width":"","footnotes":""},"categories":[47],"tags":[],"class_list":["post-312976","post","type-post","status-publish","format-standard","hentry","category-non-classifiee"],"_links":{"self":[{"href":"https:\/\/www.focolare.org\/fr\/wp-json\/wp\/v2\/posts\/312976","targetHints":{"allow":["GET"]}}],"collection":[{"href":"https:\/\/www.focolare.org\/fr\/wp-json\/wp\/v2\/posts"}],"about":[{"href":"https:\/\/www.focolare.org\/fr\/wp-json\/wp\/v2\/types\/post"}],"author":[{"embeddable":true,"href":"https:\/\/www.focolare.org\/fr\/wp-json\/wp\/v2\/users\/34"}],"replies":[{"embeddable":true,"href":"https:\/\/www.focolare.org\/fr\/wp-json\/wp\/v2\/comments?post=312976"}],"version-history":[{"count":0,"href":"https:\/\/www.focolare.org\/fr\/wp-json\/wp\/v2\/posts\/312976\/revisions"}],"wp:attachment":[{"href":"https:\/\/www.focolare.org\/fr\/wp-json\/wp\/v2\/media?parent=312976"}],"wp:term":[{"taxonomy":"category","embeddable":true,"href":"https:\/\/www.focolare.org\/fr\/wp-json\/wp\/v2\/categories?post=312976"},{"taxonomy":"post_tag","embeddable":true,"href":"https:\/\/www.focolare.org\/fr\/wp-json\/wp\/v2\/tags?post=312976"}],"curies":[{"name":"wp","href":"https:\/\/api.w.org\/{rel}","templated":true}]}}