{"id":313008,"date":"2018-04-30T23:10:29","date_gmt":"2018-04-30T21:10:29","guid":{"rendered":"https:\/\/www.focolare.org\/fete-du-travail\/"},"modified":"2024-05-15T20:56:38","modified_gmt":"2024-05-15T18:56:38","slug":"fete-du-travail","status":"publish","type":"post","link":"https:\/\/www.focolare.org\/fr\/fete-du-travail\/","title":{"rendered":"F\u00eate du travail"},"content":{"rendered":"<p><span id=\"result_box\" class=\"\" lang=\"en\"><\/span><strong>Le 1er mai, f\u00eate des travailleurs, na\u00eet pour rappeler la lutte des travailleurs,<\/strong> sans barri\u00e8res g\u00e9ographiques ou sociales pour voir affirm\u00e9s les propres droits et am\u00e9liorer la propre condition. \u2018\u2019Huit heures de travail, huit de d\u00e9tente, huit pour dormir\u2019\u2019 fut le mot d\u2019ordre, invent\u00e9 en Australie en 1855, et partag\u00e9 par une grande partie des mouvements syndicaux du d\u00e9but du 20\u00e8me si\u00e8cle. A d\u00e9velopper un grand mouvement de lutte \u00e0 propos de la question des huit heures, ce furent surtout les organisations des travailleurs am\u00e9ricains des \u00c9tats-Unis. L\u2019\u00c9tat de l\u2019Illinois, en 1866, approuva une loi qui introduisait une telle limite d\u2019horaire pour la journ\u00e9e de travail. L\u2019entr\u00e9e en vigueur de la loi fut fix\u00e9e pour le 1er mai 1867 et ce jour-l\u00e0 fut organis\u00e9e \u00e0 Chicago une grande manifestation, avec la participation de dix mille travailleurs, le plus grand cort\u00e8ge jamais vu dans les rues de la ville am\u00e9ricaine. La manifestation fut r\u00e9prim\u00e9e dans le sang. Depuis lors, beaucoup de choses ont chang\u00e9 mais dans beaucoup de parties du monde, les travailleurs ne jouissent pas des m\u00eames droits et de la m\u00eame dignit\u00e9. Pour les chr\u00e9tiens, le travail est aussi li\u00e9 \u00e0 l\u2019identit\u00e9 profonde de l\u2019homme. J\u00e9sus lui-m\u00eame passe la plus grande partie de sa vie en travaillant comme menuisier dans le pauvre atelier de son p\u00e8re.<\/p>\n","protected":false},"excerpt":{"rendered":"<p>Le 1er mai, f\u00eate des travailleurs, na\u00eet pour rappeler la lutte des travailleurs, sans barri\u00e8res g\u00e9ographiques ou sociales pour voir affirm\u00e9s les propres droits et am\u00e9liorer la propre condition. \u2018\u2019Huit heures de travail, huit de d\u00e9tente, huit pour dormir\u2019\u2019 fut le mot d\u2019ordre, invent\u00e9 en Australie en 1855, et partag\u00e9 par une grande partie des [&hellip;]<\/p>\n","protected":false},"author":34,"featured_media":0,"comment_status":"open","ping_status":"open","sticky":false,"template":"","format":"standard","meta":{"give_campaign_id":0,"_seopress_robots_primary_cat":"","_seopress_titles_title":"","_seopress_titles_desc":"","_seopress_robots_index":"","_et_pb_use_builder":"","_et_pb_old_content":"","_et_gb_content_width":"","footnotes":""},"categories":[47],"tags":[],"class_list":["post-313008","post","type-post","status-publish","format-standard","hentry","category-non-classifiee"],"_links":{"self":[{"href":"https:\/\/www.focolare.org\/fr\/wp-json\/wp\/v2\/posts\/313008","targetHints":{"allow":["GET"]}}],"collection":[{"href":"https:\/\/www.focolare.org\/fr\/wp-json\/wp\/v2\/posts"}],"about":[{"href":"https:\/\/www.focolare.org\/fr\/wp-json\/wp\/v2\/types\/post"}],"author":[{"embeddable":true,"href":"https:\/\/www.focolare.org\/fr\/wp-json\/wp\/v2\/users\/34"}],"replies":[{"embeddable":true,"href":"https:\/\/www.focolare.org\/fr\/wp-json\/wp\/v2\/comments?post=313008"}],"version-history":[{"count":0,"href":"https:\/\/www.focolare.org\/fr\/wp-json\/wp\/v2\/posts\/313008\/revisions"}],"wp:attachment":[{"href":"https:\/\/www.focolare.org\/fr\/wp-json\/wp\/v2\/media?parent=313008"}],"wp:term":[{"taxonomy":"category","embeddable":true,"href":"https:\/\/www.focolare.org\/fr\/wp-json\/wp\/v2\/categories?post=313008"},{"taxonomy":"post_tag","embeddable":true,"href":"https:\/\/www.focolare.org\/fr\/wp-json\/wp\/v2\/tags?post=313008"}],"curies":[{"name":"wp","href":"https:\/\/api.w.org\/{rel}","templated":true}]}}