{"id":313034,"date":"2018-05-10T16:00:57","date_gmt":"2018-05-10T14:00:57","guid":{"rendered":"https:\/\/www.focolare.org\/soyez-les-promoteurs-dune-culture-de-la-rencontre\/"},"modified":"2024-05-15T20:56:42","modified_gmt":"2024-05-15T18:56:42","slug":"soyez-les-promoteurs-dune-culture-de-la-rencontre","status":"publish","type":"post","link":"https:\/\/www.focolare.org\/fr\/soyez-les-promoteurs-dune-culture-de-la-rencontre\/","title":{"rendered":"Soyez les promoteurs d\u2019une culture de la rencontre"},"content":{"rendered":"<p><div id=\"attachment_165702\" style=\"width: 378px\" class=\"wp-caption alignright\"><a href=\"https:\/\/www.focolare.org\/wp-content\/uploads\/2018\/05\/27145586227_e5dfdabc07_k.jpg\"><img alt=\"\" alt=\"\" loading=\"lazy\" decoding=\"async\" aria-describedby=\"caption-attachment-165702\" class=\"wp-image-165702\" src=\"https:\/\/www.focolare.org\/wp-content\/uploads\/2018\/05\/27145586227_e5dfdabc07_k.jpg\" alt=\"\" width=\"368\" height=\"246\" \/><\/a><p id=\"caption-attachment-165702\" class=\"wp-caption-text\">Foto \u00a9 D. Salmaso \u2013 CSC Audiovisivi<\/p><\/div>  <strong>\u201cJe veux lever les yeux vers l\u2019horizon et vous inviter \u00e0 le faire avec moi,<\/strong> pour regarder le futur qui commence aujourd\u2019hui avec une fid\u00e9lit\u00e9 confiante et une g\u00e9n\u00e9rosit\u00e9 cr\u00e9ative\u00a0\u00bb. Au cours de sa premi\u00e8re visite \u00e0 Loppiano, premier Pontife \u00e0 rencontrer la cit\u00e9 pilote du Mouvement des Focolari situ\u00e9e pr\u00e8s de Florence, le Pape Fran\u00e7ois lance un d\u00e9fi \u00e0 la communaut\u00e9 pr\u00e9sente, \u00e0 l\u2019\u00c9glise universelle et \u00e0 toute l\u2019humanit\u00e9\u00a0: \u00ab\u00a0B\u00e2tir une culture commune de la rencontre et une civilisation mondiale de l\u2019alliance\u00a0\u00bb. Une culture qui soit une r\u00e9ponse aux d\u00e9chirements de notre \u00e9poque, marqu\u00e9e par une pauvret\u00e9 croissante et par le drame des migrations forc\u00e9es.  \u201cDans le tournant historique que nous sommes en train de vivre\u201d \u2013 fait remarquer le Pape \u2013 il faut s\u2019engager \u00e0 <strong>\u201ctracer de nouvelles voies \u00e0 parcourir ensemble\u201d<\/strong>, et il y a besoin \u201cd\u2019hommes et de femmes, de jeunes, de familles, de personnes de toutes les vocations et professions\u00a0\u00bb qui soient \u00e0 la hauteur de cet enjeu.  Depuis le parvis du Sanctuaire d\u00e9di\u00e9 \u00e0 Marie\u00a0 Theotokos, M\u00e8re de Dieu, le Saint-P\u00e8re propose aux 7000 personnes pr\u00e9sentes, <strong>toutes h\u00e9riti\u00e8res spirituelles de <a href=\"https:\/\/www.focolare.org\/fr\/chiara-lubich\/chi-e-chiara\/\">Chiara Lubich<\/a>, fondatrice des Focolari, le d\u00e9fi de la \u00ab\u00a0fid\u00e9lit\u00e9 cr\u00e9atrice : \u00eatre fid\u00e8le \u00e0 l\u2019inspiration premi\u00e8re et en m\u00eame temps ouvert au souffle de l\u2019Esprit Saint<\/strong> et s\u2019engager avec courage sur les voies nouvelles qu\u2019il sugg\u00e8re\u00a0\u00bb.  <div id=\"attachment_165713\" style=\"width: 379px\" class=\"wp-caption alignleft\"><img alt=\"\" alt=\"\" loading=\"lazy\" decoding=\"async\" aria-describedby=\"caption-attachment-165713\" class=\"wp-image-165713\" src=\"https:\/\/www.focolare.org\/wp-content\/uploads\/2018\/05\/20180510_CSCAudiovisivi_02.jpg\" alt=\"\" width=\"369\" height=\"193\" \/><p id=\"caption-attachment-165713\" class=\"wp-caption-text\">Foto \u00a9 R. Bassolino &#8211; CSC Audiovisivi<\/p><\/div>  Pour y parvenir &#8211; fait remarquer Fran\u00e7ois- <strong>il faut \u00ab\u00a0de l\u2019humilit\u00e9, de l\u2019ouverture, de la synergie, \u00eatre capable de risquer\u00a0\u00bb,<\/strong> et ensuite pratiquer le \u00ab\u00a0discernement communautaire\u00a0\u00bb, c\u2019est-\u00e0-dire\u00a0 qu\u2019il faut \u00e9couter Dieu jusqu\u2019\u00e0 entendre avec Lui le cri du Peuple, et il faut \u00e9couter le Peuple jusqu\u2019\u00e0 y respirer la volont\u00e9 \u00e0 laquelle Dieu nous appelle\u00a0\u00bb. Une action engageante qui exige de la fid\u00e9lit\u00e9 m\u00eame lorsque l\u2019enthousiasme des d\u00e9buts c\u00e8de le pas \u2013 pour les mouvements \u2013 \u00e0 la recherche de nouvelles voies pour actualiser le charisme.  En r\u00e9pondant aux questions des Focolari, le Pape cite alors Saint Paul et invite \u00e0 retenir deux mots-cl\u00e9s:<strong> par\u00e9sie<\/strong> et<strong> hyponom\u00e8<\/strong>. Le premier exprime le courage et la sinc\u00e9rit\u00e9 en rendant t\u00e9moignage \u00e0 la v\u00e9rit\u00e9 et en m\u00eame temps la confiance en Dieu et en sa mis\u00e9ricorde\u00a0\u00bb, c\u2019est l\u2019antidote contre \u00ab\u00a0 toute fausse crainte, toute tentation de se cacher derri\u00e8re une vie tranquille, derri\u00e8re le conformisme\u00a0\u00bb et le second exprime la pers\u00e9v\u00e9rance dans \u00ab\u00a0les situations difficiles qui se pr\u00e9sentent dans la vie \u00bb, et trouve son fondement dans la conscience que l\u2019amour de Dieu nous rend capables de vivre avec t\u00e9nacit\u00e9, s\u00e9r\u00e9nit\u00e9, positivit\u00e9, imagination\u2026 et aussi avec un peu d\u2019humour\u00a0\u00bb.  <strong>Le Pape invite donc \u00e0 se\u00a0 rappeler les d\u00e9buts, lorsque Chiara imagina Loppiano comme \u201cla maquette d\u2019une ville nouvelle inspir\u00e9e par l\u2019\u00c9vangile \u00bb<\/strong>, expression d\u2019un peuple uni dans la diversit\u00e9\u00a0 et ayant \u00e0 c\u0153ur l\u2019Eucharistie, source de vie nouvelle. Un peuple que la Pape incite \u00e0 sortir \u00ab\u00a0pour jeter le levain de l\u2019\u00c9vangile dans la p\u00e2te de la soci\u00e9t\u00e9\u00a0\u00bb, surtout l\u00e0 o\u00f9 il y a des personnes dans le besoin, en souffrance et en recherche. \u00ab\u00a0<a href=\"https:\/\/www.focolare.org\/fr\/chiara-lubich\/spiritualita-dellunita\/\">Le charisme de l\u2019unit\u00e9<\/a> \u2013 dit-il \u2013 est un stimulant providentiel et un puissant soutien pour vivre la mystique \u00e9vang\u00e9lique du <em>Nous<\/em>\u00a0\u00bb.  <div id=\"attachment_165715\" style=\"width: 378px\" class=\"wp-caption alignright\"><a href=\"https:\/\/www.focolare.org\/wp-content\/uploads\/2018\/05\/20180510_CSCAudiovisivi_03.jpg\"><img alt=\"\" alt=\"\" loading=\"lazy\" decoding=\"async\" aria-describedby=\"caption-attachment-165715\" class=\"wp-image-165715\" src=\"https:\/\/www.focolare.org\/wp-content\/uploads\/2018\/05\/20180510_CSCAudiovisivi_03.jpg\" alt=\"\" width=\"368\" height=\"245\" \/><\/a><p id=\"caption-attachment-165715\" class=\"wp-caption-text\">Foto \u00a9 R. Orefice &#8211; CSC Audiovisivi<\/p><\/div>  Mais le renouveau de la culture ne peut pas se faire sans une formation nouvelle. A Loppiano, qui na\u00eet aussi comme une ville-\u00e9cole dot\u00e9e de centres d\u2019\u00e9tude comme<a href=\"http:\/\/www.sophiauniversity.org\/en\/\"> l\u2019Universit\u00e9 Sophia<\/a>, le Pape encourage \u00e0 lancer un \u00ab\u00a0pacte formatif\u00a0\u00bb fond\u00e9 sur le dialogue et la proximit\u00e9, pour <strong>\u00ab\u00a0pratiquer simultan\u00e9ment les trois langages\u00a0: celui de la t\u00eate, du c\u0153ur et des mains\u00a0\u00bb<\/strong>. Dans cette perspective \u2013 ajoute-t-il \u2013 \u00ab\u00a0il est important qu\u2019il y ait \u00e0 <a href=\"http:\/\/www.loppiano.it\">Loppiano<\/a> un centre universitaire destin\u00e9 \u00e0 ceux qui recherchent la Sagesse et ont pour objectif la construction d\u2019une culture de l\u2019unit\u00e9\u00a0\u00bb\u00a0: une exp\u00e9rience universitaire \u00ab\u00a0de fronti\u00e8re\u00a0\u00bb.  Mais c\u2019est surtout Marie \u2013 conclut Fran\u00e7ois \u2013 \u00ab\u00a0qui est l\u2019\u00e9cole \u00e0 suivre (\u2026) pour apprendre \u00e0 conna\u00eetre J\u00e9sus, \u00e0 vivre de J\u00e9sus et avec J\u00e9sus\u00a0\u00bb\u00a0: \u00ab\u00a0Et <strong>n\u2019oubliez pas que <a href=\"https:\/\/www.focolare.org\/fr\/chiara-lubich\/spiritualita-dellunita\/maria\/\">Marie<\/a>, la premi\u00e8re disciple de J\u00e9sus, \u00e9tait une la\u00efque. Elle est par excellence la femme qui vit la fid\u00e9lit\u00e9, le courage, la par\u00e9sie,\u00a0 la patience\u00a0\u00bb.<\/strong>  Dans la ville de Loppiano l\u2019invitation du Pape renvoie \u00e0 l\u2019intuition de Chiara Lubich, \u201cpremi\u00e8re pierre\u201d de l&rsquo;Oeuvre de Marie et appelle \u00e0 consolider <strong>un parcours<\/strong>: \u201c Notre d\u00e9sir \u2013 ce sont les paroles de <a href=\"https:\/\/www.focolare.org\/fr\/news\/2014\/09\/15\/maria-voce\/\">Maria Voce<\/a>, pr\u00e9sidente des Focolari \u2013 est que <strong>celui qui visite cette ville y trouve une maison, une famille, une m\u00e8re\u00a0: Marie\u00a0! C\u2019est elle qui forme et informe chaque expression de la vie sociale du Mouvement des Focolari<\/strong> (\u2026) C\u2019est elle qui dans le Magnificat nous indique un programme de vie et d\u2019action et nous pousse \u00e0 ouvrir grandes les portes de notre c\u0153ur \u00e0 tous ceux qui souffrent, qui cherchent le bonheur\u00a0\u00bb.  <a href=\"https:\/\/www.focolare.org\/wp-content\/uploads\/2018\/05\/TFr-20180510-UCF-Papa_Loppiano_risposte.pdf\">Discours complet du Saint-P\u00e8re<\/a>  &nbsp;  Photo\u00a0 sur Flickr  <a title=\"10 maggio: Papa Francesco a Loppiano\" href=\"https:\/\/www.flickr.com\/photos\/sif_loppiano\/albums\/72157666554686927\"><img loading=\"lazy\" decoding=\"async\" class=\"\" src=\"https:\/\/farm1.staticflickr.com\/823\/27145587057_291cdf0814_z.jpg\" alt=\"10 maggio: Papa Francesco a Loppiano\" width=\"269\" height=\"180\" \/><\/a>  <strong>\u00a0<\/strong><\/p>\n","protected":false},"excerpt":{"rendered":"<p>Environ 7000 personnes de plusieurs religions et traditions accueillent le Pape \u00e0 la Cit\u00e9 pilote des Focolari.<\/p>\n","protected":false},"author":33,"featured_media":0,"comment_status":"open","ping_status":"open","sticky":false,"template":"","format":"standard","meta":{"give_campaign_id":0,"_seopress_robots_primary_cat":"","_seopress_titles_title":"","_seopress_titles_desc":"","_seopress_robots_index":"","_et_pb_use_builder":"","_et_pb_old_content":"","_et_gb_content_width":"","footnotes":""},"categories":[47],"tags":[],"class_list":["post-313034","post","type-post","status-publish","format-standard","hentry","category-non-classifiee"],"_links":{"self":[{"href":"https:\/\/www.focolare.org\/fr\/wp-json\/wp\/v2\/posts\/313034","targetHints":{"allow":["GET"]}}],"collection":[{"href":"https:\/\/www.focolare.org\/fr\/wp-json\/wp\/v2\/posts"}],"about":[{"href":"https:\/\/www.focolare.org\/fr\/wp-json\/wp\/v2\/types\/post"}],"author":[{"embeddable":true,"href":"https:\/\/www.focolare.org\/fr\/wp-json\/wp\/v2\/users\/33"}],"replies":[{"embeddable":true,"href":"https:\/\/www.focolare.org\/fr\/wp-json\/wp\/v2\/comments?post=313034"}],"version-history":[{"count":0,"href":"https:\/\/www.focolare.org\/fr\/wp-json\/wp\/v2\/posts\/313034\/revisions"}],"wp:attachment":[{"href":"https:\/\/www.focolare.org\/fr\/wp-json\/wp\/v2\/media?parent=313034"}],"wp:term":[{"taxonomy":"category","embeddable":true,"href":"https:\/\/www.focolare.org\/fr\/wp-json\/wp\/v2\/categories?post=313034"},{"taxonomy":"post_tag","embeddable":true,"href":"https:\/\/www.focolare.org\/fr\/wp-json\/wp\/v2\/tags?post=313034"}],"curies":[{"name":"wp","href":"https:\/\/api.w.org\/{rel}","templated":true}]}}