{"id":313102,"date":"2018-06-08T23:10:54","date_gmt":"2018-06-08T21:10:54","guid":{"rendered":"https:\/\/www.focolare.org\/a-partir-de-lamour-un-nouvel-ordre-economique\/"},"modified":"2024-05-15T20:56:55","modified_gmt":"2024-05-15T18:56:55","slug":"a-partir-de-lamour-un-nouvel-ordre-economique","status":"publish","type":"post","link":"https:\/\/www.focolare.org\/fr\/a-partir-de-lamour-un-nouvel-ordre-economique\/","title":{"rendered":"A partir de l\u2019Amour, un nouvel ordre \u00e9conomique"},"content":{"rendered":"<p><strong><a href=\"https:\/\/www.cittanuova.it\/libri\/9788831142335\/la-luce-dentro-le-cose\/\"><img alt=\"\" alt=\"\" loading=\"lazy\" decoding=\"async\" class=\"alignleft wp-image-166951\" src=\"https:\/\/www.focolare.org\/wp-content\/uploads\/2018\/06\/Copertina_LuceDentroleCose.jpg\" alt=\"\" width=\"200\" height=\"323\" \/><\/a>\u201cLe monde est la parole de ce Dieu qui l\u2019a cr\u00e9\u00e9. Et quel est le ton d\u2019une telle parole\u00a0? Le voil\u00e0\u00a0: je t\u2019aime.<\/strong> Et \u00e0 qui est destin\u00e9e cette parole\u00a0? Elle est destin\u00e9e au monde lui-m\u00eame, qui est justement cette parole\u00a0: elle est destin\u00e9e \u00e0 tout individu qui se rend compte d\u2019en \u00eatre une minuscule partie et qui est pourtant capable de se d\u00e9passer pour aller vers le tout\u00a0; c\u2019est une parole destin\u00e9e \u00e0 tout homme. Le monde est la parole de l\u2019amour de Dieu adress\u00e9e \u00e0 tout un chacun en lui\u00a0: c\u2019est le regard de l\u2019amour divin pour lui. Et ce que le monde est dans son ensemble, il l\u2019est de m\u00eame en chacune de ses parties\u00a0: chaque \u00e9l\u00e9ment particulier du monde est un regard de l\u2019amour de Dieu\u00a0\u00bb.  <em>(Cosmologie, anthropologie, sociologie et religion)<\/em>  <strong>\u201cJe peux me d\u00e9dier compl\u00e8tement \u00e0 ce monde parce que je suis chr\u00e9tien<\/strong>\u00a0; de fait, tout ce que nous investissons en amour dans ce monde, aura un impact sur lui pour toujours, notre amour s\u2019imprimera en caract\u00e8re ind\u00e9l\u00e9bile sur chacun des fragments de la cr\u00e9ation\u00a0\u00bb.  \u00ab\u00a0Le premier int\u00e9r\u00eat du chr\u00e9tien doit \u00eatre de d\u00e9velopper, non seulement avec ceux qui partagent ses id\u00e9aux,<strong> mais avec tous<\/strong> ceux qui portent une responsabilit\u00e9 dans le monde, <strong>la construction d\u2019un monde humain\u00a0<\/strong>\u00bb.  (novembre 1978).  \u201cLa vie et l\u2019unit\u00e9 des hommes ne peuvent \u00eatre consid\u00e9r\u00e9es ni comme la simple somme des individus ni comme un syst\u00e8me collectif o\u00f9 chacun est absorb\u00e9 et dispara\u00eet.  L\u2019alternative est la <em><strong>communion<\/strong>.<\/em> Je suis moi-m\u00eame, mais dans la mesure o\u00f9 je suis toi et avec toi et dans la mesure o\u00f9 je me fais h\u00f4te de toi. C\u2019est uniquement dans cette relation qu\u2019il est possible de d\u00e9finir le Moi de l\u2019homme. Uniquement dans cette relation trinitaire que \u00a0le collectivisme n\u2019est pas une dissolution de l\u2019individu. Uniquement dans cette relation trinitaire que la personne singuli\u00e8re n\u2019est pas un moyen qu\u2019on sacrifie \u00e0 la structure communautaire. De l\u00e0, j\u2019en suis certain<strong>, s\u2019ouvriront aussi de nouvelles perspectives pour un ordre \u00e9conomique universel\u00a0\u00bb.<\/strong>  (<em>Dreifaltigkeit<\/em>, p. 131)  &nbsp;  <strong>Source<\/strong> : <a href=\"https:\/\/www.focolare.org\/fr\/news\/2014\/01\/23\/1994-2014-ricordando-klaus-hemmerle\/\" target=\"_blank\" rel=\"noopener\">Klaus Hemmerle<\/a>, <em>La lumi\u00e8re au dedans des choses, M\u00e9ditations pour chaque jour, <\/em><a href=\"https:\/\/www.cittanuova.it\/libri\/9788831142335\/la-luce-dentro-le-cose\/\">Citt\u00e0 Nuova Ed<\/a>, 1998, p. 287-293.<\/p>\n","protected":false},"excerpt":{"rendered":"<p>Si Dieu a cr\u00e9\u00e9 le monde par amour, pareillement, ce que les hommes font par amour restera. Tir\u00e9 de quelques pens\u00e9es du th\u00e9ologien Klaus Hemmerle (1929-1994), rassembl\u00e9es dans le volume \u201cLa lumi\u00e8re au dedans des choses\u201d, nouvelles perspectives pour une \u00e9conomie plus \u00e9quitable.<\/p>\n","protected":false},"author":34,"featured_media":0,"comment_status":"open","ping_status":"open","sticky":false,"template":"","format":"standard","meta":{"give_campaign_id":0,"_seopress_robots_primary_cat":"","_seopress_titles_title":"","_seopress_titles_desc":"","_seopress_robots_index":"","_et_pb_use_builder":"","_et_pb_old_content":"","_et_gb_content_width":"","footnotes":""},"categories":[47],"tags":[],"class_list":["post-313102","post","type-post","status-publish","format-standard","hentry","category-non-classifiee"],"_links":{"self":[{"href":"https:\/\/www.focolare.org\/fr\/wp-json\/wp\/v2\/posts\/313102","targetHints":{"allow":["GET"]}}],"collection":[{"href":"https:\/\/www.focolare.org\/fr\/wp-json\/wp\/v2\/posts"}],"about":[{"href":"https:\/\/www.focolare.org\/fr\/wp-json\/wp\/v2\/types\/post"}],"author":[{"embeddable":true,"href":"https:\/\/www.focolare.org\/fr\/wp-json\/wp\/v2\/users\/34"}],"replies":[{"embeddable":true,"href":"https:\/\/www.focolare.org\/fr\/wp-json\/wp\/v2\/comments?post=313102"}],"version-history":[{"count":0,"href":"https:\/\/www.focolare.org\/fr\/wp-json\/wp\/v2\/posts\/313102\/revisions"}],"wp:attachment":[{"href":"https:\/\/www.focolare.org\/fr\/wp-json\/wp\/v2\/media?parent=313102"}],"wp:term":[{"taxonomy":"category","embeddable":true,"href":"https:\/\/www.focolare.org\/fr\/wp-json\/wp\/v2\/categories?post=313102"},{"taxonomy":"post_tag","embeddable":true,"href":"https:\/\/www.focolare.org\/fr\/wp-json\/wp\/v2\/tags?post=313102"}],"curies":[{"name":"wp","href":"https:\/\/api.w.org\/{rel}","templated":true}]}}