{"id":313122,"date":"2018-06-14T12:26:18","date_gmt":"2018-06-14T10:26:18","guid":{"rendered":"https:\/\/www.focolare.org\/37eme-rencontre-oecumenique-des-eveques-amis-des-focolari\/"},"modified":"2024-05-15T20:56:59","modified_gmt":"2024-05-15T18:56:59","slug":"37eme-rencontre-oecumenique-des-eveques-amis-des-focolari","status":"publish","type":"post","link":"https:\/\/www.focolare.org\/fr\/37eme-rencontre-oecumenique-des-eveques-amis-des-focolari\/","title":{"rendered":"37\u00e8me Rencontre \u0152cum\u00e9nique des Ev\u00eaques amis des Focolari"},"content":{"rendered":"<p><strong><img alt=\"\" alt=\"\" loading=\"lazy\" decoding=\"async\" class=\"size-full wp-image-167208 alignleft\" src=\"https:\/\/www.focolare.org\/wp-content\/uploads\/2018\/06\/PA0017_vescovi-210x128.jpg\" alt=\"\" width=\"210\" height=\"128\" \/><\/strong><span id=\"result_box\" class=\"\" lang=\"fr\"><span class=\"\">Les 6 et 7 novembre seront pr\u00e9sents Maria Voce, pr\u00e9sidente du Mouvement des Focolari.<\/span><\/span>  <strong>Info: <\/strong><a href=\"https:\/\/www.focolare.org\/fr\/movimento-dei-focolari\/scelte-e-impegno\/vescovi\/\">\u00c9v\u00eaques<\/a>  <a href=\"mailto:segves@focolare.org\" target=\"_blank\" rel=\"noopener\">segves@focolare.org<\/a>  tel. +39\/06 947 98150<\/p>\n","protected":false},"excerpt":{"rendered":"<p>\u00c0 Sigtuna, une ville du centre de la Su\u00e8de.<\/p>\n","protected":false},"author":34,"featured_media":0,"comment_status":"open","ping_status":"open","sticky":false,"template":"","format":"standard","meta":{"give_campaign_id":0,"_seopress_robots_primary_cat":"","_seopress_titles_title":"","_seopress_titles_desc":"","_seopress_robots_index":"","_et_pb_use_builder":"","_et_pb_old_content":"","_et_gb_content_width":"","footnotes":""},"categories":[47],"tags":[],"class_list":["post-313122","post","type-post","status-publish","format-standard","hentry","category-non-classifiee"],"_links":{"self":[{"href":"https:\/\/www.focolare.org\/fr\/wp-json\/wp\/v2\/posts\/313122","targetHints":{"allow":["GET"]}}],"collection":[{"href":"https:\/\/www.focolare.org\/fr\/wp-json\/wp\/v2\/posts"}],"about":[{"href":"https:\/\/www.focolare.org\/fr\/wp-json\/wp\/v2\/types\/post"}],"author":[{"embeddable":true,"href":"https:\/\/www.focolare.org\/fr\/wp-json\/wp\/v2\/users\/34"}],"replies":[{"embeddable":true,"href":"https:\/\/www.focolare.org\/fr\/wp-json\/wp\/v2\/comments?post=313122"}],"version-history":[{"count":0,"href":"https:\/\/www.focolare.org\/fr\/wp-json\/wp\/v2\/posts\/313122\/revisions"}],"wp:attachment":[{"href":"https:\/\/www.focolare.org\/fr\/wp-json\/wp\/v2\/media?parent=313122"}],"wp:term":[{"taxonomy":"category","embeddable":true,"href":"https:\/\/www.focolare.org\/fr\/wp-json\/wp\/v2\/categories?post=313122"},{"taxonomy":"post_tag","embeddable":true,"href":"https:\/\/www.focolare.org\/fr\/wp-json\/wp\/v2\/tags?post=313122"}],"curies":[{"name":"wp","href":"https:\/\/api.w.org\/{rel}","templated":true}]}}