{"id":313128,"date":"2018-06-15T23:10:12","date_gmt":"2018-06-15T21:10:12","guid":{"rendered":"https:\/\/www.focolare.org\/nous-ne-recueillerons-pas-de-lauriers\/"},"modified":"2024-05-15T20:57:00","modified_gmt":"2024-05-15T18:57:00","slug":"nous-ne-recueillerons-pas-de-lauriers","status":"publish","type":"post","link":"https:\/\/www.focolare.org\/fr\/nous-ne-recueillerons-pas-de-lauriers\/","title":{"rendered":"Nous ne recueillerons pas de lauriers"},"content":{"rendered":"<p><strong><img alt=\"\" alt=\"\" loading=\"lazy\" decoding=\"async\" class=\"wp-image-167225 alignleft\" src=\"https:\/\/www.focolare.org\/wp-content\/uploads\/2018\/06\/05_06.jpg\" alt=\"\" width=\"200\" height=\"291\" \/>Nous\u00a0 ne recueillerons certainement pas de lauriers pour ce que nous faisons; mais en contrepartie nous avons la conscience tranquille<\/strong>. Je ne r\u00e9ussis pas \u00e0 concevoir qu\u2019en s\u2019engageant en politique, qu\u2019en entrant dans la sph\u00e8re de la collectivit\u00e9, on doive du m\u00eame coup cesser d\u2019\u00eatre chr\u00e9tien\u00a0; qu\u2019il faille,\u00a0 dans ce domaine, dissocier la foi des actes\u00a0; qu\u2019il faille r\u00e9duire notre t\u00e9moignage \u00e0 une n\u00e9gation qui aujourd\u2019hui s\u2019appelle anticommunisme, autrefois antilib\u00e9ralisme, anti luth\u00e9rianisme\u2026 D\u2019accord pour la n\u00e9gation, mais une fois pos\u00e9e, l\u2019affirmation est tout aussi importante et vaut encore plus\u00a0: c\u2019est elle qui doit guider notre action.  <strong>Or l\u2019affirmation essentielle est que lorsque je rencontre un homme<\/strong>, \u00e0 l\u2019\u00e9glise, dans la rue ou au parlement, <strong>je rencontre un fr\u00e8re, un fils de Dieu,<\/strong> rachet\u00e9 par un sang qui n\u2019a pas de prix, digne de mon amour, quelque soient sa r\u00e9putation, sa tenue ou son rang.  <strong>S\u2019en tenir \u00e0 la n\u00e9gation revient \u00e0 s\u2019accorder un droit de ha\u00efr absurde<\/strong>, \u00e0 se soustraire au juste devoir de se mettre au service de tous, \u00e0 appauvrir l\u2019\u00c9vangile ; c\u2019est du moins ce qui me semble. Croire que le christianisme puisse s\u2019accommoder de d\u00e9formations qui l\u00e9gitiment la haine, c\u2019est le consid\u00e9rer comme un lubrifiant des passions humaines, de la cupidit\u00e9 et des tentations homicides. (<em><a href=\"https:\/\/www.focolare.org\/fr\/chiara-lubich\/chi-e-chiara\/igino-giordani\/\">Igino Giordani<\/a>,<\/em> Lettre \u00e0\u00a0 don Primo Mazzolari, 2 f\u00e9vrier 1951)  <strong>Servir le peuple, c\u2019est servir Dieu\u00a0; se mettre au service d\u2019un citoyen, d\u2019une m\u00e9nag\u00e8re, des \u00e9l\u00e8ves, ou\u00a0 des peuples, c\u2019est travailler pour le Christ.<\/strong>  \u201cCe que vous avez fait au plus petit de mes fr\u00e8res, c\u2019est \u00e0 moi que vous l\u2019avez fait\u201d (Mt, 25,40)\u00a0: c\u2019est J\u00e9sus lui-m\u00eame qui l\u2019affirme.  Dans cette optique, la politique perd certains traits d\u2019hostilit\u00e9, de haine, d\u2019exclusivisme: m\u00eame dans la pluralit\u00e9 des opinions, qui implique \u00e9galement richesse d\u2019id\u00e9es, le chr\u00e9tien voit un fr\u00e8re m\u00eame dans le membre d\u2019un autre parti\u00a0; il peut refuser ses id\u00e9es, mais ne rejette pas son \u00e2me, n\u00e9e du m\u00eame P\u00e8re C\u00e9leste et de ce fait h\u00e9riti\u00e8re de Son Amour. <em>Igino Giordani<\/em>, \u201cDifficolt\u00e0 del cristiano oggi\u201d <em>(Difficult\u00e9 du chr\u00e9tien aujourd\u2019hui)<\/em> Citt\u00e0 Nuova, Rome, 1976, p.129  &nbsp;  <strong>En politique les catholiques doivent promouvoir une soci\u00e9t\u00e9 inspir\u00e9e par l\u2019\u00c9vangile<\/strong>. Mais voil\u00e0 qui engage \u00e0 une pauvret\u00e9 int\u00e9rieure, \u00e0 un m\u00e9pris de la richesse et de l\u2019orgueil, \u00e0 une moralit\u00e9 qui est \u00e0 la politique ce qu\u2019est l\u2019oxyg\u00e8ne \u00e0 la respiration, \u00e0 exercer le pouvoir comme un service, \u00e0 briser les castes et les privil\u00e8ges\u00a0: une v\u00e9ritable\u00a0 r\u00e9volution\u2026 <em>Igino Giordani<\/em>, \u00ab\u00a0la via\u00a0\u00bb <em>(La voie), <\/em>juin 1950, p.1  <em>Textes choisis par le <a href=\"http:\/\/www.iginogiordani.info\/it\/\" target=\"_blank\" rel=\"noopener\">Centre Igino Giordani<\/a>.<\/em><\/p>\n","protected":false},"excerpt":{"rendered":"<p>En pr\u00e9sence des d\u00e9fis de la vie publique, des difficult\u00e9s et incertitudes \u00e9conomiques et politiques, voici un enseignement s\u00fbr et toujours d\u2019actualit\u00e9 d\u2019Igino Giordani.<\/p>\n","protected":false},"author":34,"featured_media":0,"comment_status":"open","ping_status":"open","sticky":false,"template":"","format":"standard","meta":{"give_campaign_id":0,"_seopress_robots_primary_cat":"","_seopress_titles_title":"","_seopress_titles_desc":"","_seopress_robots_index":"","_et_pb_use_builder":"","_et_pb_old_content":"","_et_gb_content_width":"","footnotes":""},"categories":[47],"tags":[],"class_list":["post-313128","post","type-post","status-publish","format-standard","hentry","category-non-classifiee"],"_links":{"self":[{"href":"https:\/\/www.focolare.org\/fr\/wp-json\/wp\/v2\/posts\/313128","targetHints":{"allow":["GET"]}}],"collection":[{"href":"https:\/\/www.focolare.org\/fr\/wp-json\/wp\/v2\/posts"}],"about":[{"href":"https:\/\/www.focolare.org\/fr\/wp-json\/wp\/v2\/types\/post"}],"author":[{"embeddable":true,"href":"https:\/\/www.focolare.org\/fr\/wp-json\/wp\/v2\/users\/34"}],"replies":[{"embeddable":true,"href":"https:\/\/www.focolare.org\/fr\/wp-json\/wp\/v2\/comments?post=313128"}],"version-history":[{"count":0,"href":"https:\/\/www.focolare.org\/fr\/wp-json\/wp\/v2\/posts\/313128\/revisions"}],"wp:attachment":[{"href":"https:\/\/www.focolare.org\/fr\/wp-json\/wp\/v2\/media?parent=313128"}],"wp:term":[{"taxonomy":"category","embeddable":true,"href":"https:\/\/www.focolare.org\/fr\/wp-json\/wp\/v2\/categories?post=313128"},{"taxonomy":"post_tag","embeddable":true,"href":"https:\/\/www.focolare.org\/fr\/wp-json\/wp\/v2\/tags?post=313128"}],"curies":[{"name":"wp","href":"https:\/\/api.w.org\/{rel}","templated":true}]}}