{"id":313136,"date":"2018-06-19T13:48:03","date_gmt":"2018-06-19T11:48:03","guid":{"rendered":"https:\/\/www.focolare.org\/journee-mondiale-du-refugie\/"},"modified":"2024-05-15T20:57:01","modified_gmt":"2024-05-15T18:57:01","slug":"journee-mondiale-du-refugie","status":"publish","type":"post","link":"https:\/\/www.focolare.org\/fr\/journee-mondiale-du-refugie\/","title":{"rendered":"Journee-mondiale-du-refugie"},"content":{"rendered":"<p><strong>Le 20 juin, on c\u00e9l\u00e8bre dans le monde entier, la Journ\u00e9e Mondiale du R\u00e9fugi\u00e9<\/strong>, voulue par l\u2019Assembl\u00e9e G\u00e9n\u00e9rale des Nations Unies pour sensibiliser l\u2019opinion publique sur les conditions de millions de r\u00e9fugi\u00e9s et demandeurs d\u2019asile qui quittent le propre pays, contraints \u00e0 fuir la guerre et la violence. L<strong>\u2019Agence de l\u2019Onu pour les r\u00e9fugi\u00e9s a lanc\u00e9 la campagne \u00ab#WithRefugees \u00bb<\/strong>, pour donner visibilit\u00e9 aux gestes de solidarit\u00e9 envers les r\u00e9fugi\u00e9s, en donnant la parole \u00e0 ceux qui accueillent et en renfor\u00e7ant la rencontre entre les communaut\u00e9s locales et les demandeurs d\u2019asile. Mais #WithRefugees est aussi une p\u00e9tition avec laquelle le Haut commissariat des Nations Unies pour les r\u00e9fugi\u00e9s (Unhcr) demande aux gouvernements de garantir que chaque enfant r\u00e9fugi\u00e9 ait l\u2019instruction, que chaque famille r\u00e9fugi\u00e9e ait un endroit s\u00fbr pour vivre, que chaque r\u00e9fugi\u00e9 puisse travailler ou acqu\u00e9rir de nouvelles comp\u00e9tences pour donner sa contribution \u00e0 la communaut\u00e9. La p\u00e9tition sera pr\u00e9sent\u00e9e \u00e0 l\u2019Assembl\u00e9e des Nations Unies d\u2019ici fin 2018 \u00e0 l\u2019occasion de l\u2019adoption du Global Compact pour les r\u00e9fugi\u00e9s. \u00ab Aujourd\u2019hui \u2013 dit Carlotta Sami, porte-parole de l\u2019Unhcr pour le sud de l\u2019Europe \u2013<strong> \u00eatre du c\u00f4t\u00e9 des r\u00e9fugi\u00e9s n\u2019est pas seulement un acte d\u2019humanit\u00e9, malheureusement, c\u2019est aussi un acte de courage.<\/strong> C\u2019est devenu inconfortable d\u2019\u00eatre du c\u00f4t\u00e9 de ceux qui n\u2019ont pas choisi de quitter leur propre pays et qui affrontent un tr\u00e8s lourd d\u00e9fi, celui de recommencer \u00e0 z\u00e9ro dans un nouvel environnement, souvent m\u00e9fiant, et, dans le pire des cas, hostile \u00bb. Nombreux seront les \u00e9v\u00e9nements pr\u00e9vus d\u2019ici la fin du mois.  <strong>Regardez :<\/strong><a href=\"http:\/\/www.unhcr.org\/withrefugees\/fr\/\" target=\"_blank\" rel=\"noopener\">http:\/\/www.unhcr.org\/withrefugees\/fr\/<\/a><\/p>\n","protected":false},"excerpt":{"rendered":"<p>Le 20 juin, on c\u00e9l\u00e8bre dans le monde entier, la Journ\u00e9e Mondiale du R\u00e9fugi\u00e9, voulue par l\u2019Assembl\u00e9e G\u00e9n\u00e9rale des Nations Unies pour sensibiliser l\u2019opinion publique sur les conditions de millions de r\u00e9fugi\u00e9s et demandeurs d\u2019asile qui quittent le propre pays, contraints \u00e0 fuir la guerre et la violence. L\u2019Agence de l\u2019Onu pour les r\u00e9fugi\u00e9s a [&hellip;]<\/p>\n","protected":false},"author":34,"featured_media":0,"comment_status":"open","ping_status":"open","sticky":false,"template":"","format":"standard","meta":{"give_campaign_id":0,"_seopress_robots_primary_cat":"","_seopress_titles_title":"","_seopress_titles_desc":"","_seopress_robots_index":"","_et_pb_use_builder":"","_et_pb_old_content":"","_et_gb_content_width":"","footnotes":""},"categories":[47],"tags":[],"class_list":["post-313136","post","type-post","status-publish","format-standard","hentry","category-non-classifiee"],"_links":{"self":[{"href":"https:\/\/www.focolare.org\/fr\/wp-json\/wp\/v2\/posts\/313136","targetHints":{"allow":["GET"]}}],"collection":[{"href":"https:\/\/www.focolare.org\/fr\/wp-json\/wp\/v2\/posts"}],"about":[{"href":"https:\/\/www.focolare.org\/fr\/wp-json\/wp\/v2\/types\/post"}],"author":[{"embeddable":true,"href":"https:\/\/www.focolare.org\/fr\/wp-json\/wp\/v2\/users\/34"}],"replies":[{"embeddable":true,"href":"https:\/\/www.focolare.org\/fr\/wp-json\/wp\/v2\/comments?post=313136"}],"version-history":[{"count":0,"href":"https:\/\/www.focolare.org\/fr\/wp-json\/wp\/v2\/posts\/313136\/revisions"}],"wp:attachment":[{"href":"https:\/\/www.focolare.org\/fr\/wp-json\/wp\/v2\/media?parent=313136"}],"wp:term":[{"taxonomy":"category","embeddable":true,"href":"https:\/\/www.focolare.org\/fr\/wp-json\/wp\/v2\/categories?post=313136"},{"taxonomy":"post_tag","embeddable":true,"href":"https:\/\/www.focolare.org\/fr\/wp-json\/wp\/v2\/tags?post=313136"}],"curies":[{"name":"wp","href":"https:\/\/api.w.org\/{rel}","templated":true}]}}