{"id":313144,"date":"2018-06-21T23:10:48","date_gmt":"2018-06-21T21:10:48","guid":{"rendered":"https:\/\/www.focolare.org\/eglise-foi-et-jeunes\/"},"modified":"2024-05-15T20:57:02","modified_gmt":"2024-05-15T18:57:02","slug":"eglise-foi-et-jeunes","status":"publish","type":"post","link":"https:\/\/www.focolare.org\/fr\/eglise-foi-et-jeunes\/","title":{"rendered":"\u00c9glise, foi et jeunes"},"content":{"rendered":"<p><strong><img alt=\"\" alt=\"\" loading=\"lazy\" decoding=\"async\" class=\"alignleft wp-image-167600\" src=\"https:\/\/www.focolare.org\/wp-content\/uploads\/2018\/06\/PHOTO-2018-06-20-16-42-22_b.jpg\" alt=\"\" width=\"320\" height=\"180\" \/>La relation entre les jeunes et l\u2019\u00c9glise traverse une phase particuli\u00e8rement heureus<\/strong>e. La rencontre annuelle des mouvements eccl\u00e9siaux, organis\u00e9e par le Dicast\u00e8re du Saint Si\u00e8ge pour les La\u00efcs, la Famille et la Vie, a donn\u00e9 lieu \u00e0 un dialogue et \u00e0 des \u00e9changes d\u2019exp\u00e9riences sur \u00ab\u00a0Jeunes, foi et discernement vocationnel\u00a0\u00bb. Elle a co\u00efncid\u00e9 avec la publication de \u00ab\u00a0L\u2019Instrument de travail\u00a0\u00bb sur lequel se pencheront les \u00e9v\u00eaques au cours du prochain Synode d\u2019octobre enti\u00e8rement consacr\u00e9 aux jeunes. Il s\u2019agit d\u2019un document tr\u00e8s \u00e9labor\u00e9 et riche, qui a fait appel \u00e0 la contribution de jeunes du monde entier.  <img alt=\"\" alt=\"\" loading=\"lazy\" decoding=\"async\" class=\"alignright wp-image-167598\" src=\"https:\/\/www.focolare.org\/wp-content\/uploads\/2018\/06\/20180622-01.jpg\" alt=\"\" width=\"320\" height=\"167\" \/>Introduite par Kevin Farrell, le cardinal pr\u00e9fet du Dicast\u00e8re, la journ\u00e9e du 19 juin \u00a0s\u2019est vue enrichie par \u00a0vu les propos de Mgr Carlos Sim\u00f3n V\u00e1zquez, d\u00e9l\u00e9gu\u00e9 pour la Famille et la Vie\u00a0: il a fait le point sur la 9<sup>\u00e8me<\/sup> Rencontre Mondiale des Familles, qui se tiendra \u00e0 Dublin du 21 au 26 ao\u00fbt. Quant au \u00a0P\u00e8re Alexandre Awi Mello, secr\u00e9taire du Dicast\u00e8re, il a rendu compte des d\u00e9veloppements de la pr\u00e9paration du Synode d\u2019octobre, tandis que Giovanna Guerrieri Nalin, du Bureau des Jeunes, \u00a0a parl\u00e9 de la pr\u00e9paration de la Journ\u00e9e Mondiale de la Jeunesse, pr\u00e9vue en janvier 2019 \u00e0 Panama. Dans l\u2019apr\u00e8s-midi, le secr\u00e9taire g\u00e9n\u00e9ral du Synode des \u00e9v\u00eaques, la cardinal Lorenzo Baldisseri, a d\u00e9velopp\u00e9 les finalit\u00e9s, les attentes et les perspectives de ce prochain Synode.  <img alt=\"\" alt=\"\" loading=\"lazy\" decoding=\"async\" class=\"wp-image-167599 alignleft\" src=\"https:\/\/www.focolare.org\/wp-content\/uploads\/2018\/06\/PHOTO-2018-06-20-16-42-22.jpg\" alt=\"\" width=\"280\" height=\"497\" \/>P<strong>armi les participants, il y avait aussi le Mouvement des Focolari, repr\u00e9sent\u00e9 par un jeune du Savador, Nelson Vanegas, et par la pr\u00e9sidente elle-m\u00eame, Maria Voce<\/strong>, qui explique:\u00a0\u00ab\u00a0Les initiatives apostoliques, adress\u00e9es aux jeunes dans les divers lieux d\u2019annonce de la foi et de la vocation, permettent de mettre des racines \u00e0 l\u2019exp\u00e9rience caract\u00e9ristique n\u00e9e du charisme de l\u2019unit\u00e9\u00a0\u00bb. D\u00e8s les ann\u00e9es 60, Chiara Lubich s\u2019est adress\u00e9e particuli\u00e8rement aux jeunes. Son appel \u00e0 lancer un nouveau type de r\u00e9volution, inspir\u00e9 par l\u2019amour \u00e9vang\u00e9lique, (\u00ab\u00a0Jeunes du monde entier unissez-vous\u00a0\u00bb) \u00a0a donn\u00e9 vie, au fil des ann\u00e9es, \u00e0 des outils et \u00e0 des lieux de formation et de t\u00e9moignage que ces jeunes se sont appropri\u00e9s. Ils s\u2019orientent dans \u00a0trois directions\u00a0: la communion r\u00e9ciproque entre jeunes et adultes, le bin\u00f4me \u00a0vie et pens\u00e9e, la fraternit\u00e9 v\u00e9cue concr\u00e8tement pour r\u00e9pondre aux probl\u00e9matiques du monde actuel.  Nelson, qui avait d\u00e9j\u00e0 particip\u00e9 \u00e0 la r\u00e9union pr\u00e9 synodale de mars, expose ce que vivent les \u00a0jeunes des Focolari: \u00ab\u00a0Durant les \u00e9coles de formation \u00a0d\u2019\u00e9t\u00e9 \u00a0\u2013 dit-il \u2013 des parcours d\u2019approfondissement th\u00e9ologique et moral leur sont propos\u00e9s, fruits d\u2019un cheminement v\u00e9cu ensemble, avec un type d\u2019accompagnement qui trouve sa confirmation dans\u00a0 celui sugg\u00e9r\u00e9 par le pape Fran\u00e7ois. Une exp\u00e9rience analogue se retrouve dans ce qu\u2019on appelle \u00ab\u00a0les \u00c9coles de discernement vocationnel\u00a0\u00bb, un vrai parcours de formation et d\u2019accompagnement \u00a0pour les jeunes de 25 \u00e0 30 ans, qui sont particuli\u00e8rement confront\u00e9s, dans cette tranche d\u2019\u00e2ge, \u00a0\u00e0 des choix d\u00e9cisifs pour ce qui est de leur projet de vie personnel\u00a0\u00bb. Mais, explique-t-il, il y a aussi des occasions o\u00f9 les jeunes exp\u00e9rimentent que la vie et les \u00e9tudes sont une unique r\u00e9alit\u00e9: \u00ab\u00a0L\u2019Institut Universitaire Sophia, qui a son si\u00e8ge \u00e0 Loppiano, est n\u00e9 pour favoriser l\u2019interaction des savoirs orient\u00e9s vers la Sagesse, avec un projet universitaire ax\u00e9 sur\u00a0 l\u2019exp\u00e9rience d\u2019une vie \u00a0communautaire o\u00f9 l\u2019on partage la recherche, la pens\u00e9e et la vie, non seulement entre \u00e9tudiants de diff\u00e9rentes provenances, mais aussi entre \u00e9tudiants et professeurs\u00a0\u00bb. Il y\u00a0 a aussi d\u2019autres lieux, comme les \u00e9coles Gen et les congr\u00e8s nationaux et internationaux. Et enfin les Genfest\u00a0:\u00a0\u00ab Une exp\u00e9rience formatrice, fond\u00e9e sur un effort permanent visant \u00e0 inclure, accueillir et \u00e9couter l\u2019autre, ce qui conduit \u00e0 un dialogue authentique et \u00e0 la construction de relations profondes. Ils offrent surtout une profonde exp\u00e9rience spirituelle, o\u00f9 beaucoup de jeunes ont entendu ou approfondi l\u2019appel de Dieu \u00e0 vivre pour quelque chose de grand, \u00e0 r\u00e9aliser le r\u00eave de J\u00e9sus\u00a0\u00bb. Le prochain Genfest est tout proche. Il se tiendra \u00e0 Manille du 6 au 8 juillet, autour du th\u00e8me \u00ab\u00a0Beyond all borders\u00a0\u00bb.  &nbsp;<\/p>\n","protected":false},"excerpt":{"rendered":"<p>Le 19 juin, \u00e0 Rome,  dans le quartier du Trastevere, a eu lieu la rencontre annuelle des mouvements eccl\u00e9siaux et des communaut\u00e9s nouvelles sur le th\u00e8me \u201cLes jeunes, la foi et le discernement vocationnel\u201d. La contribution du Mouvement des Focolari.<\/p>\n","protected":false},"author":34,"featured_media":0,"comment_status":"open","ping_status":"open","sticky":false,"template":"","format":"standard","meta":{"give_campaign_id":0,"_seopress_robots_primary_cat":"","_seopress_titles_title":"","_seopress_titles_desc":"","_seopress_robots_index":"","_et_pb_use_builder":"","_et_pb_old_content":"","_et_gb_content_width":"","footnotes":""},"categories":[47],"tags":[],"class_list":["post-313144","post","type-post","status-publish","format-standard","hentry","category-non-classifiee"],"_links":{"self":[{"href":"https:\/\/www.focolare.org\/fr\/wp-json\/wp\/v2\/posts\/313144","targetHints":{"allow":["GET"]}}],"collection":[{"href":"https:\/\/www.focolare.org\/fr\/wp-json\/wp\/v2\/posts"}],"about":[{"href":"https:\/\/www.focolare.org\/fr\/wp-json\/wp\/v2\/types\/post"}],"author":[{"embeddable":true,"href":"https:\/\/www.focolare.org\/fr\/wp-json\/wp\/v2\/users\/34"}],"replies":[{"embeddable":true,"href":"https:\/\/www.focolare.org\/fr\/wp-json\/wp\/v2\/comments?post=313144"}],"version-history":[{"count":0,"href":"https:\/\/www.focolare.org\/fr\/wp-json\/wp\/v2\/posts\/313144\/revisions"}],"wp:attachment":[{"href":"https:\/\/www.focolare.org\/fr\/wp-json\/wp\/v2\/media?parent=313144"}],"wp:term":[{"taxonomy":"category","embeddable":true,"href":"https:\/\/www.focolare.org\/fr\/wp-json\/wp\/v2\/categories?post=313144"},{"taxonomy":"post_tag","embeddable":true,"href":"https:\/\/www.focolare.org\/fr\/wp-json\/wp\/v2\/tags?post=313144"}],"curies":[{"name":"wp","href":"https:\/\/api.w.org\/{rel}","templated":true}]}}