{"id":313198,"date":"2018-07-17T23:10:18","date_gmt":"2018-07-17T21:10:18","guid":{"rendered":"https:\/\/www.focolare.org\/avec-des-hindous-a-loppiano-et-a-assise-une-rencontre-des-coeurs-et-des-esprits\/"},"modified":"2024-05-15T20:57:12","modified_gmt":"2024-05-15T18:57:12","slug":"avec-des-hindous-a-loppiano-et-a-assise-une-rencontre-des-coeurs-et-des-esprits","status":"publish","type":"post","link":"https:\/\/www.focolare.org\/fr\/avec-des-hindous-a-loppiano-et-a-assise-une-rencontre-des-coeurs-et-des-esprits\/","title":{"rendered":"Avec des Hindous \u00e0 Loppiano et \u00e0 Assise: une rencontre des c\u0153urs et des esprits"},"content":{"rendered":"<p><strong><a href=\"https:\/\/www.focolare.org\/wp-content\/uploads\/2018\/07\/20180718-03.jpg\"><img alt=\"\" alt=\"\" loading=\"lazy\" decoding=\"async\" class=\"alignleft wp-image-168790\" src=\"https:\/\/www.focolare.org\/wp-content\/uploads\/2018\/07\/20180718-03.jpg\" alt=\"\" width=\"360\" height=\"240\" \/><\/a>\u201cNotre d\u00e9l\u00e9gation hindoue-chr\u00e9tienne arrive \u00e0 l\u2019<a href=\"http:\/\/www.sophiauniversity.org\/it\/\">Institut Universitaire Sophia<\/a> de <a href=\"http:\/\/www.loppiano.it\">Loppiano<\/a> pour approfondir la connaissance de cette exp\u00e9rience originale<\/strong>, mais aussi pour comm\u00e9morer le quinzi\u00e8me anniversaire du cadeau de la Vierge, peint par un artiste hindou, qui se trouve sur l\u2019un des murs lat\u00e9raux de l\u2019\u00e9glise Th\u00e9otokos, le Sanctuaire de la Cit\u00e9 pilote. Les moments d\u2019\u00e9change avec les professeurs et quelques \u00e9tudiants de Sophia sont tr\u00e8s riches. Les universitaires indiens manifestent un grand int\u00e9r\u00eat pour les travaux concernant la formation au dialogue, dans un contexte interdisciplinaire. Des moments de partage et d\u2019\u00e9changes profonds permettent une connaissance r\u00e9ciproque et r\u00e9v\u00e8lent des convergences entre des institutions qui s\u2019inspirent du Mahatma Gandhi et Sophia. On esp\u00e8re pouvoir rapidement introduire aussi dans l\u2019Institut universitaire qui a son si\u00e8ge \u00e0 Loppiano, des \u00e9tudes et des recherches sur la personnalit\u00e9 de cet ap\u00f4tre du dialogue.  <strong><a href=\"https:\/\/www.focolare.org\/wp-content\/uploads\/2018\/07\/20180718-02.jpg\"><img alt=\"\" alt=\"\" loading=\"lazy\" decoding=\"async\" class=\"alignright wp-image-168791\" src=\"https:\/\/www.focolare.org\/wp-content\/uploads\/2018\/07\/20180718-02.jpg\" alt=\"\" width=\"360\" height=\"240\" \/><\/a>Un s\u00e9minaire tr\u00e8s int\u00e9ressant sur <em>Th\u00e9ologie et pratique du dialogue<\/em><\/strong>, se d\u00e9roule en pr\u00e9sence des \u00e9tudiants et de la d\u00e9l\u00e9gation hindoue, mais aussi d\u2019autres jeunes et adultes de la Cit\u00e9 pilote. Un sujet vital, mais que beaucoup ne connaissent pas. Le soir, au Sanctuaire Th\u00e9otokos, les hindous, en procession, portent des bouquets de fleurs et des guirlandes au pied du tableau repr\u00e9sentant la Vierge, tandis que le\u00a0 groupe <a href=\"http:\/\/www.genverde.it\/index\/\">Gen Verde<\/a> chante une hymne. Prosternements et solennit\u00e9 cr\u00e9ent un climat spirituel profond. Suivent quelques pri\u00e8res spontan\u00e9es en sanscrit, tamil et anglais. Puis un moment empreint de sacr\u00e9, celui du silence. Celui-ci est constitutif de la culture orientale, alors qu\u2019il est au contraire ennuyeux pour les occidentaux! Presque comme s\u2019ils n\u2019y \u00e9taient pas habitu\u00e9s, ou \u00e0 cause de la peur de devoir se confronter \u00e0 eux-m\u00eames\u00a0! Lorsque cultures et religions se rencontrent \u00e0 travers des hommes et des femmes dont la foi est authentique, il n\u2019est pas n\u00e9cessaire de recourir \u00e0 des compromis, \u00e0 des syncr\u00e9tismes, ni \u00e0 toutes sortes de complications. Chaque geste, chaque parole, chaque silence parle de l\u2019Absolu, chacun l\u2019\u00e9coute sur sa propre longueur d\u2019onde, mais les vibrations \u2013 comme les appellent les indiens \u2013 sont les m\u00eames et touchent profond\u00e9ment le c\u0153ur\u00a0de chacun \u00bb.  <a href=\"https:\/\/www.focolare.org\/wp-content\/uploads\/2018\/07\/HindusAssisi.jpg\"><img alt=\"\" alt=\"\" loading=\"lazy\" decoding=\"async\" class=\"alignleft wp-image-168794\" src=\"https:\/\/www.focolare.org\/wp-content\/uploads\/2018\/07\/HindusAssisi.jpg\" alt=\"\" width=\"300\" height=\"225\" \/><\/a><strong>Derni\u00e8re \u00e9tape, Assise.<\/strong> \u201cNous arrivons vers 10h30 du matin. Nous montons \u00e0 pied vers la basilique de Saint Fran\u00e7ois et de l\u00e0 nous continuons vers le cimeti\u00e8re. Je ne peux pas ne pas penser \u00e0 cet automne 1997, quelques semaines apr\u00e8s le tremblement de terre qui avait frapp\u00e9 la ville et caus\u00e9 de nombreuses victimes. Nous avions alors gravi ces collines avec Vinu et Ashok, les enfants du Dr Aram, \u00e9ducateur Gandhien, d\u00e9c\u00e9d\u00e9 quelques mois auparavant. Celui-ci avait voulu qu\u2019une partie de ses cendres soient transport\u00e9e dans la patrie de Saint Fran\u00e7ois qu\u2019il admirait au point de r\u00e9citer sa pri\u00e8re pour la paix chaque soir\u00a0: <em>Seigneur, fais de moi un instrument de ta paix<\/em>. Le p\u00e8lerinage se poursuit vers la crypte de la Basilique o\u00f9 nous participons \u00e0 la pri\u00e8re de \u00ab\u00a0sixte\u00a0\u00bb des fr\u00e8res, devant la tombe de Saint Fran\u00e7ois. <strong>Profond recueillement, dans une atmosph\u00e8re empreinte de fraternit\u00e9 et de spiritualit\u00e9.<\/strong> Nos amis accompagnent notre pri\u00e8re dans un silence religieux\u00a0: une fa\u00e7on de respecter la pri\u00e8re d\u2019autrui et de lui donner de la valeur autant qu\u2019\u00e0 la leur. L\u2019histoire de Saint Fran\u00e7ois, homme de paix et de dialogue, continue \u00e0 attirer des hommes et des femmes de tous les coins du monde et de toutes convictions religieuses. Assise est vraiment le lieu id\u00e9al pour dialoguer\u00a0\u00bb.  <strong>\u00a0<\/strong><strong>\u00a0<\/strong>  <strong>Source<\/strong><strong>:<\/strong> blog de <a href=\"http:\/\/www.blogger.com\/profile\/18433692719233204404\">Roberto Catalano<\/a>  &nbsp;  &nbsp;<\/p>\n","protected":false},"excerpt":{"rendered":"<p>Apr\u00e8s deux jours pass\u00e9s sur la terre natale de Chiara Lubich, le voyage des Hindous amis du Mouvement des Focolari, s\u2019est prolong\u00e9 \u00e0 Loppiano et \u00e0 Assise. Le r\u00e9cit de Roberto Catalano, charg\u00e9 du dialogue interreligieux.<\/p>\n","protected":false},"author":34,"featured_media":0,"comment_status":"open","ping_status":"open","sticky":false,"template":"","format":"standard","meta":{"give_campaign_id":0,"_seopress_robots_primary_cat":"","_seopress_titles_title":"","_seopress_titles_desc":"","_seopress_robots_index":"","_et_pb_use_builder":"","_et_pb_old_content":"","_et_gb_content_width":"","footnotes":""},"categories":[47],"tags":[],"class_list":["post-313198","post","type-post","status-publish","format-standard","hentry","category-non-classifiee"],"_links":{"self":[{"href":"https:\/\/www.focolare.org\/fr\/wp-json\/wp\/v2\/posts\/313198","targetHints":{"allow":["GET"]}}],"collection":[{"href":"https:\/\/www.focolare.org\/fr\/wp-json\/wp\/v2\/posts"}],"about":[{"href":"https:\/\/www.focolare.org\/fr\/wp-json\/wp\/v2\/types\/post"}],"author":[{"embeddable":true,"href":"https:\/\/www.focolare.org\/fr\/wp-json\/wp\/v2\/users\/34"}],"replies":[{"embeddable":true,"href":"https:\/\/www.focolare.org\/fr\/wp-json\/wp\/v2\/comments?post=313198"}],"version-history":[{"count":0,"href":"https:\/\/www.focolare.org\/fr\/wp-json\/wp\/v2\/posts\/313198\/revisions"}],"wp:attachment":[{"href":"https:\/\/www.focolare.org\/fr\/wp-json\/wp\/v2\/media?parent=313198"}],"wp:term":[{"taxonomy":"category","embeddable":true,"href":"https:\/\/www.focolare.org\/fr\/wp-json\/wp\/v2\/categories?post=313198"},{"taxonomy":"post_tag","embeddable":true,"href":"https:\/\/www.focolare.org\/fr\/wp-json\/wp\/v2\/tags?post=313198"}],"curies":[{"name":"wp","href":"https:\/\/api.w.org\/{rel}","templated":true}]}}