{"id":313220,"date":"2018-07-26T14:17:53","date_gmt":"2018-07-26T12:17:53","guid":{"rendered":"https:\/\/www.focolare.org\/humanae-vitae-a-50-ans\/"},"modified":"2024-05-15T20:57:16","modified_gmt":"2024-05-15T18:57:16","slug":"humanae-vitae-a-50-ans","status":"publish","type":"post","link":"https:\/\/www.focolare.org\/fr\/humanae-vitae-a-50-ans\/","title":{"rendered":"Humanae vitae a 50 ans"},"content":{"rendered":"<p><strong>\u00ab Cinquante ann\u00e9e apr\u00e8s la publication, l\u2019encyclique <\/strong><a href=\"http:\/\/w2.vatican.va\/content\/paul-vi\/fr\/encyclicals\/documents\/hf_p-vi_enc_25071968_humanae-vitae.html\" target=\"_blank\" rel=\"noopener\">Humanae vitae <\/a><strong>de Paul VI se pr\u00e9sente aux yeux des hommes d\u2019aujourd\u2019hui, compl\u00e8tement diff\u00e9remment<\/strong>: en 1968, c\u2019\u00e9tait un document courageux \u2013 et donc controvers\u00e9 \u2013 qui allait contre l\u2019air du temps, celui de la r\u00e9volution sexuelle, pour r\u00e9aliser ce qui \u00e9tait fondamental, une contraception s\u00fbre et aussi la possibilit\u00e9 d\u2019avorter. C\u2019\u00e9tait aussi l\u2019\u00e9poque dans laquelle les \u00e9conomistes parlaient de \u2018\u2019bombe humaine\u2019\u2019, c\u2019est-\u00e0-dire du danger de surpopulation qui mena\u00e7ait les pays riches et pouvait diminuer leur prosp\u00e9rit\u00e9 \u00bb, \u00e9crit dans le journal \u2018\u2019L\u2019Avvenire\u2019\u2019, <strong>Lucetta Scaraffia<\/strong>. Mais aujourd\u2019hui, le monde a chang\u00e9, conclut-elle, il faudrait donc la relire avec un regard diff\u00e9rent et comme un \u2018\u2019\u00e9v\u00e9nement proph\u00e9tique\u2019\u2019. <strong>L\u2019encyclique a \u00e9t\u00e9 publi\u00e9e le 25 juillet 1968, pendant la sixi\u00e8me ann\u00e9e du pontificat de Paul VI, suscitant beaucoup de r\u00e9actions contrast\u00e9es.<\/strong>  &nbsp;<\/p>\n","protected":false},"excerpt":{"rendered":"<p>\u00ab Cinquante ann\u00e9e apr\u00e8s la publication, l\u2019encyclique Humanae vitae de Paul VI se pr\u00e9sente aux yeux des hommes d\u2019aujourd\u2019hui, compl\u00e8tement diff\u00e9remment: en 1968, c\u2019\u00e9tait un document courageux \u2013 et donc controvers\u00e9 \u2013 qui allait contre l\u2019air du temps, celui de la r\u00e9volution sexuelle, pour r\u00e9aliser ce qui \u00e9tait fondamental, une contraception s\u00fbre et aussi la [&hellip;]<\/p>\n","protected":false},"author":34,"featured_media":0,"comment_status":"open","ping_status":"open","sticky":false,"template":"","format":"standard","meta":{"give_campaign_id":0,"_seopress_robots_primary_cat":"","_seopress_titles_title":"","_seopress_titles_desc":"","_seopress_robots_index":"","_et_pb_use_builder":"","_et_pb_old_content":"","_et_gb_content_width":"","footnotes":""},"categories":[47],"tags":[],"class_list":["post-313220","post","type-post","status-publish","format-standard","hentry","category-non-classifiee"],"_links":{"self":[{"href":"https:\/\/www.focolare.org\/fr\/wp-json\/wp\/v2\/posts\/313220","targetHints":{"allow":["GET"]}}],"collection":[{"href":"https:\/\/www.focolare.org\/fr\/wp-json\/wp\/v2\/posts"}],"about":[{"href":"https:\/\/www.focolare.org\/fr\/wp-json\/wp\/v2\/types\/post"}],"author":[{"embeddable":true,"href":"https:\/\/www.focolare.org\/fr\/wp-json\/wp\/v2\/users\/34"}],"replies":[{"embeddable":true,"href":"https:\/\/www.focolare.org\/fr\/wp-json\/wp\/v2\/comments?post=313220"}],"version-history":[{"count":0,"href":"https:\/\/www.focolare.org\/fr\/wp-json\/wp\/v2\/posts\/313220\/revisions"}],"wp:attachment":[{"href":"https:\/\/www.focolare.org\/fr\/wp-json\/wp\/v2\/media?parent=313220"}],"wp:term":[{"taxonomy":"category","embeddable":true,"href":"https:\/\/www.focolare.org\/fr\/wp-json\/wp\/v2\/categories?post=313220"},{"taxonomy":"post_tag","embeddable":true,"href":"https:\/\/www.focolare.org\/fr\/wp-json\/wp\/v2\/tags?post=313220"}],"curies":[{"name":"wp","href":"https:\/\/api.w.org\/{rel}","templated":true}]}}