{"id":313230,"date":"2018-07-29T23:10:43","date_gmt":"2018-07-29T21:10:43","guid":{"rendered":"https:\/\/www.focolare.org\/journee-de-lamitie\/"},"modified":"2024-05-15T20:57:19","modified_gmt":"2024-05-15T18:57:19","slug":"journee-de-lamitie","status":"publish","type":"post","link":"https:\/\/www.focolare.org\/fr\/journee-de-lamitie\/","title":{"rendered":"Journ\u00e9e de l\u2019amiti\u00e9"},"content":{"rendered":"<p>Ils sont plus de 50, les pays qui ont d\u00e9cid\u00e9 de faire propre, la \u2018<strong>\u2019Journ\u00e9e internationale de l\u2019amiti\u00e9\u2019\u2019, institu\u00e9e par l\u2019Organisation des Nations Unies (ONU) en 2011 et c\u00e9l\u00e9br\u00e9e le 30 juillet<\/strong> de chaque ann\u00e9e, ou, dans certains pays parmi lesquels l\u2019Inde, le N\u00e9pal et le Bangladesh, dans les jours qui suivent imm\u00e9diatement la date. L\u2019objectif de la journ\u00e9e est celui d\u2019encourager les gouvernements, les associations et les groupes, \u00e0 favoriser, selon la culture et les habitudes locales, toute forme d\u2019amiti\u00e9, de solidarit\u00e9, de confiance, de compr\u00e9hension r\u00e9ciproque et de r\u00e9conciliation, avec la conviction que de tels sentiments peuvent contribuer activement \u00e0 la paix entre les peuples et nations.  En particulier, <strong>les Nations Unies encouragent les jeunes, en tant que futurs leaders, \u00e0 s\u2019engager dans les activit\u00e9s communautaires<\/strong> qui incluent des cultures diff\u00e9rentes afin de promouvoir la compr\u00e9hension internationale et le respect de la diversit\u00e9. Ce n\u2019est pas un encouragement lanc\u00e9 \u00e0 vide, si on peut en juger par l\u2019adh\u00e9sion enthousiaste de milliers de jeunes au message d\u2019amiti\u00e9 et d\u2019unit\u00e9 \u2018\u2019Au-del\u00e0 de toute fronti\u00e8re\u2019\u2019 lanc\u00e9 r\u00e9cemment dans les <a href=\"http:\/\/y4uw.org\/events\/genfest-2018\/\" target=\"_blank\" rel=\"noopener\">Genfest de Manille<\/a> et de plusieurs autres pays du monde.<\/p>\n","protected":false},"excerpt":{"rendered":"<p>Ils sont plus de 50, les pays qui ont d\u00e9cid\u00e9 de faire propre, la \u2018\u2019Journ\u00e9e internationale de l\u2019amiti\u00e9\u2019\u2019, institu\u00e9e par l\u2019Organisation des Nations Unies (ONU) en 2011 et c\u00e9l\u00e9br\u00e9e le 30 juillet de chaque ann\u00e9e, ou, dans certains pays parmi lesquels l\u2019Inde, le N\u00e9pal et le Bangladesh, dans les jours qui suivent imm\u00e9diatement la date. [&hellip;]<\/p>\n","protected":false},"author":33,"featured_media":0,"comment_status":"open","ping_status":"open","sticky":false,"template":"","format":"standard","meta":{"give_campaign_id":0,"_seopress_robots_primary_cat":"","_seopress_titles_title":"","_seopress_titles_desc":"","_seopress_robots_index":"","_et_pb_use_builder":"","_et_pb_old_content":"","_et_gb_content_width":"","footnotes":""},"categories":[47],"tags":[],"class_list":["post-313230","post","type-post","status-publish","format-standard","hentry","category-non-classifiee"],"_links":{"self":[{"href":"https:\/\/www.focolare.org\/fr\/wp-json\/wp\/v2\/posts\/313230","targetHints":{"allow":["GET"]}}],"collection":[{"href":"https:\/\/www.focolare.org\/fr\/wp-json\/wp\/v2\/posts"}],"about":[{"href":"https:\/\/www.focolare.org\/fr\/wp-json\/wp\/v2\/types\/post"}],"author":[{"embeddable":true,"href":"https:\/\/www.focolare.org\/fr\/wp-json\/wp\/v2\/users\/33"}],"replies":[{"embeddable":true,"href":"https:\/\/www.focolare.org\/fr\/wp-json\/wp\/v2\/comments?post=313230"}],"version-history":[{"count":0,"href":"https:\/\/www.focolare.org\/fr\/wp-json\/wp\/v2\/posts\/313230\/revisions"}],"wp:attachment":[{"href":"https:\/\/www.focolare.org\/fr\/wp-json\/wp\/v2\/media?parent=313230"}],"wp:term":[{"taxonomy":"category","embeddable":true,"href":"https:\/\/www.focolare.org\/fr\/wp-json\/wp\/v2\/categories?post=313230"},{"taxonomy":"post_tag","embeddable":true,"href":"https:\/\/www.focolare.org\/fr\/wp-json\/wp\/v2\/tags?post=313230"}],"curies":[{"name":"wp","href":"https:\/\/api.w.org\/{rel}","templated":true}]}}