{"id":313254,"date":"2018-08-08T23:10:03","date_gmt":"2018-08-08T21:10:03","guid":{"rendered":"https:\/\/www.focolare.org\/journee-mondiale-des-peuples-indigenes\/"},"modified":"2024-05-15T20:57:24","modified_gmt":"2024-05-15T18:57:24","slug":"journee-mondiale-des-peuples-indigenes","status":"publish","type":"post","link":"https:\/\/www.focolare.org\/fr\/journee-mondiale-des-peuples-indigenes\/","title":{"rendered":"Journ\u00e9e mondiale des peuples indig\u00e8nes"},"content":{"rendered":"<p><strong>Institu\u00e9e par l\u2019ONU en 1994, la Journ\u00e9e rappelle le droit pour tous les hommes \u00e0 vivre selon les traditions et les coutumes du propre environnement d\u2019origine<\/strong>, avec une r\u00e9f\u00e9rence toute sp\u00e9ciale aux peuples indig\u00e8nes : environ 370 millions de personnes qui vivent dans 90 pays diff\u00e9rents du monde, et repr\u00e9sentent les 5 % de la population mondiale, mais les 15 % de la partie la plus pauvre.  Le document de l\u2019ONU veut signifier \u2018\u2019incarner le consensus global sur les droits des peuples indig\u00e8nes et \u00e9tablir un cadre de normes minimales pour leur survie, dignit\u00e9 et leur bien-\u00eatre\u2019\u2019. Au cours des dix derni\u00e8res ann\u00e9es rappelle l\u2019ONU sur le propre portail \u2013 l\u2019actualisation de la D\u00e9claration a obtenu plusieurs succ\u00e8s au niveau international, national et r\u00e9gional, mais malgr\u00e9 tout cela, elle continue \u00e0 \u00eatre en d\u00e9calage entre la reconnaissance formelle des peuples indig\u00e8nes et l\u2019actualisation des politiques sur place.<\/p>\n","protected":false},"excerpt":{"rendered":"<p>Institu\u00e9e par l\u2019ONU en 1994, la Journ\u00e9e rappelle le droit pour tous les hommes \u00e0 vivre selon les traditions et les coutumes du propre environnement d\u2019origine, avec une r\u00e9f\u00e9rence toute sp\u00e9ciale aux peuples indig\u00e8nes : environ 370 millions de personnes qui vivent dans 90 pays diff\u00e9rents du monde, et repr\u00e9sentent les 5 % de la [&hellip;]<\/p>\n","protected":false},"author":34,"featured_media":0,"comment_status":"open","ping_status":"open","sticky":false,"template":"","format":"standard","meta":{"give_campaign_id":0,"_seopress_robots_primary_cat":"","_seopress_titles_title":"","_seopress_titles_desc":"","_seopress_robots_index":"","_et_pb_use_builder":"","_et_pb_old_content":"","_et_gb_content_width":"","footnotes":""},"categories":[47],"tags":[],"class_list":["post-313254","post","type-post","status-publish","format-standard","hentry","category-non-classifiee"],"_links":{"self":[{"href":"https:\/\/www.focolare.org\/fr\/wp-json\/wp\/v2\/posts\/313254","targetHints":{"allow":["GET"]}}],"collection":[{"href":"https:\/\/www.focolare.org\/fr\/wp-json\/wp\/v2\/posts"}],"about":[{"href":"https:\/\/www.focolare.org\/fr\/wp-json\/wp\/v2\/types\/post"}],"author":[{"embeddable":true,"href":"https:\/\/www.focolare.org\/fr\/wp-json\/wp\/v2\/users\/34"}],"replies":[{"embeddable":true,"href":"https:\/\/www.focolare.org\/fr\/wp-json\/wp\/v2\/comments?post=313254"}],"version-history":[{"count":0,"href":"https:\/\/www.focolare.org\/fr\/wp-json\/wp\/v2\/posts\/313254\/revisions"}],"wp:attachment":[{"href":"https:\/\/www.focolare.org\/fr\/wp-json\/wp\/v2\/media?parent=313254"}],"wp:term":[{"taxonomy":"category","embeddable":true,"href":"https:\/\/www.focolare.org\/fr\/wp-json\/wp\/v2\/categories?post=313254"},{"taxonomy":"post_tag","embeddable":true,"href":"https:\/\/www.focolare.org\/fr\/wp-json\/wp\/v2\/tags?post=313254"}],"curies":[{"name":"wp","href":"https:\/\/api.w.org\/{rel}","templated":true}]}}