{"id":313274,"date":"2018-08-17T23:10:48","date_gmt":"2018-08-17T21:10:48","guid":{"rendered":"https:\/\/www.focolare.org\/un-amour-radical\/"},"modified":"2024-05-15T20:57:27","modified_gmt":"2024-05-15T18:57:27","slug":"un-amour-radical","status":"publish","type":"post","link":"https:\/\/www.focolare.org\/fr\/un-amour-radical\/","title":{"rendered":"Un amour radical"},"content":{"rendered":"<p><div id=\"attachment_169772\" style=\"width: 378px\" class=\"wp-caption alignleft\"><a href=\"https:\/\/www.focolare.org\/wp-content\/uploads\/2018\/08\/0006-C.jpg\"><img alt=\"\" alt=\"\" loading=\"lazy\" decoding=\"async\" aria-describedby=\"caption-attachment-169772\" class=\"wp-image-169772\" src=\"https:\/\/www.focolare.org\/wp-content\/uploads\/2018\/08\/0006-C.jpg\" alt=\"\" width=\"368\" height=\"268\" \/><\/a><p id=\"caption-attachment-169772\" class=\"wp-caption-text\">Photo \u00a9 CSC Audiovisivi<\/p><\/div>  <strong>\u00ab\u00a0Je vous remercie pour cette rencontre extraordinaire<\/strong>. J&rsquo;ai pu visiter votre centre, la Mariapolis, qui embrasse tous les Focolari du monde; j&rsquo;ai pu parler avec Chiara, avec ses collaboratrices et ses collaborateurs, et voir comment vit et se d\u00e9veloppe le Mouvement, comment il remplit sa mission, son apostolat sur tous les continents. Apr\u00e8s cet entretien j&rsquo;ai pu participer \u00e0 la deuxi\u00e8me partie de la rencontre au cours de laquelle ont \u00e9t\u00e9 pr\u00e9sent\u00e9s trois t\u00e9moignages tr\u00e8s \u00e9mouvants, qui nous ont port\u00e9s au centre, ou mieux au c\u0153ur, de ce qu&rsquo;est le Mouvement des Focolari. Il y a eu ensuite une expression artistique, \u00e0 travers laquelle on a vu comment ce c\u0153ur qui bat au sein de votre Mouvement sait donner vie \u00e0 toutes les valeurs humaines, les valeurs que sont la beaut\u00e9 et l&rsquo;art, destin\u00e9es depuis toujours \u00e0 exprimer tout ce qu&rsquo;il y a de plus profond dans l&rsquo;homme, de plus spirituel, d&rsquo; humain et de divin tout \u00e0 la fois, parce que l&rsquo;homme est fait \u00e0 l&rsquo;image de Dieu. <strong>Au cours des divers moments de notre rencontre, je me suis fais de nombreuses r\u00e9flexions<\/strong>. J&rsquo;essaie maintenant les r\u00e9sumer en une constatation et un souhait. <strong>La constatation touche le noyau central de votre mouvement: l&rsquo;amour<\/strong>. L&rsquo;amour est assur\u00e9ment \u00e0 l&rsquo;origine de nombreuses institutions et structures apostoliques, \u00e0 l&rsquo;origine de toutes les familles religieuses. L&rsquo;amour est riche, il porte en lui diverses potentialit\u00e9s et r\u00e9pand dans le c\u0153ur des hommes divers charismes. Gr\u00e2ce \u00e0 cette rencontre j&rsquo;ai pu m&rsquo;approcher un peu plus de ce qui caract\u00e9rise le charisme propre \u00e0 votre mouvement, ou, dit d&rsquo;une autre mani\u00e8re, j&rsquo;ai pu mieux comprendre <strong>comment l&rsquo;amour<\/strong> &#8211; qui est un don de l&rsquo;Esprit Saint, r\u00e9pandu par lui dans nos c\u0153urs, sa plus grande vertu &#8211; <strong>constitue la voie par excellence, la dynamique essentielle de votre Mouvement<\/strong>. <strong>C&rsquo;est une bonne chose que vous ayez trouv\u00e9 une telle route, cette vocation \u00e0 l&rsquo;amour<\/strong>. En \u00e9coutant vos t\u00e9moignages, je me suis encore davantage convaincu de ce dont chaque jour je me rends compte depuis de nombreuses ann\u00e9es: dans le monde d&rsquo;aujourd&rsquo;hui, dans la vie des nations, de la soci\u00e9t\u00e9, des divers milieux, des personnes, la haine et la lutte sont tr\u00e8s fortes. Elles sont programm\u00e9es. Alors il faut l&rsquo;amour. On peut dire que l&rsquo;amour n&rsquo;a pas de programme, mais qu&rsquo;il en cr\u00e9e de tr\u00e8s beaux et de tr\u00e8s riches comme le v\u00f4tre. <strong>Il faut cette pr\u00e9sence de l&rsquo;amour dans le monde pour affronter le grand danger qui assi\u00e8ge l&rsquo;humanit\u00e9, qui menace l&rsquo;homme<\/strong>: celui de se trouver sans amour, aux prises avec la haine, la lutte, avec les diverses guerres, oppressions, tortures, comme nous l&rsquo;avons entendu. <strong>L&rsquo;amour est plus fort que tout et c&rsquo;est l\u00e0 votre foi, l&rsquo;\u00e9tincelle inspiratrice de tout ce qui se fait au nom des Focolari<\/strong>, de tout ce que vous \u00eates, de tout ce que vous r\u00e9alisez dans le monde. <strong>L&rsquo;amour est plus fort<\/strong>. C&rsquo;est une r\u00e9volution. Dans ce monde assailli par les r\u00e9volutions, dont la haine et la lutte constituent le principe, <strong>il faut la r\u00e9volution de l&rsquo;amour<\/strong>;<strong> il est n\u00e9cessaire que cette r\u00e9volution se r\u00e9v\u00e8le la plus forte<\/strong>. C&rsquo;est l&rsquo;expression de la radicalit\u00e9 de l&rsquo;amour.<strong> Il y a eu au cours de l&rsquo;histoire de l\u2019\u00c9glise de nombreuses expressions de cet amour radical, presque toutes contenues dans l&rsquo;amour supr\u00eame du Christ J\u00e9sus<\/strong>. Cet amour port\u00e9 \u00e0 l&rsquo;extr\u00eame <strong>on le trouve chez St Fran\u00e7ois, chez St Ignace de Loyola, chez Charles de Foucauld, et beaucoup d&rsquo;autres jusqu&rsquo;\u00e0 nos jours. Cet amour radical est aussi celui de Chiara, des focolarini<\/strong>. Une radicalit\u00e9 qui invite \u00e0 d\u00e9couvrir la profondeur de l&rsquo;amour et sa simplicit\u00e9, toutes ses exigences dans les diverses situations, \u00e0 faire en sorte que cet amour l&#8217;emporte en toute circonstance, dans chaque difficult\u00e9: quand l&rsquo;homme- humainement parlant &#8211; peut \u00eatre d\u00e9pass\u00e9 par la haine, cette radicalit\u00e9 emp\u00eache qu&rsquo;il en soit ainsi pour ce c\u0153ur humain et fait en sorte que l&rsquo;amour l&#8217;emporte\u00a0\u00bb. [\u2026]<strong> \u00ab\u00a0Aussi je vous souhaite de continuer sur la m\u00eame route.<\/strong> Vous avez d\u00e9j\u00e0 une orientation tr\u00e8s claire, une caract\u00e9ristique bien marqu\u00e9e, un charisme dans la richesse de l&rsquo;amour qui prend sa source en Dieu lui-m\u00eame, dans l&rsquo;Esprit-Saint. Vous avez d\u00e9j\u00e0 touv\u00e9 votre domaine, votre demeure. Je vous souhaite de d\u00e9velopper toujours davantage cette r\u00e9alit\u00e9, propre \u00e0 votre vocation, et de porter au monde d&rsquo;aujourd&rsquo;hui, qui en a tant besoin, l&rsquo;amour et, \u00e0 travers lui, de donner Dieu. Tel est mon souhait\u00a0\u00bb.<\/p>\n","protected":false},"excerpt":{"rendered":"<p>Il y a trente quatre ans le 19 mai tombait aussi un dimanche. Une journ\u00e9e m\u00e9morable en raison de la visite du Pape Jean-Paul II, aujourd&rsquo;hui sur les autels, au centre international du Mouvement des Focolari, pr\u00e8s de Rome. Voici quelques extraits de son discours.<\/p>\n","protected":false},"author":34,"featured_media":0,"comment_status":"open","ping_status":"open","sticky":false,"template":"","format":"standard","meta":{"give_campaign_id":0,"_seopress_robots_primary_cat":"","_seopress_titles_title":"","_seopress_titles_desc":"","_seopress_robots_index":"","_et_pb_use_builder":"","_et_pb_old_content":"","_et_gb_content_width":"","footnotes":""},"categories":[47],"tags":[],"class_list":["post-313274","post","type-post","status-publish","format-standard","hentry","category-non-classifiee"],"_links":{"self":[{"href":"https:\/\/www.focolare.org\/fr\/wp-json\/wp\/v2\/posts\/313274","targetHints":{"allow":["GET"]}}],"collection":[{"href":"https:\/\/www.focolare.org\/fr\/wp-json\/wp\/v2\/posts"}],"about":[{"href":"https:\/\/www.focolare.org\/fr\/wp-json\/wp\/v2\/types\/post"}],"author":[{"embeddable":true,"href":"https:\/\/www.focolare.org\/fr\/wp-json\/wp\/v2\/users\/34"}],"replies":[{"embeddable":true,"href":"https:\/\/www.focolare.org\/fr\/wp-json\/wp\/v2\/comments?post=313274"}],"version-history":[{"count":0,"href":"https:\/\/www.focolare.org\/fr\/wp-json\/wp\/v2\/posts\/313274\/revisions"}],"wp:attachment":[{"href":"https:\/\/www.focolare.org\/fr\/wp-json\/wp\/v2\/media?parent=313274"}],"wp:term":[{"taxonomy":"category","embeddable":true,"href":"https:\/\/www.focolare.org\/fr\/wp-json\/wp\/v2\/categories?post=313274"},{"taxonomy":"post_tag","embeddable":true,"href":"https:\/\/www.focolare.org\/fr\/wp-json\/wp\/v2\/tags?post=313274"}],"curies":[{"name":"wp","href":"https:\/\/api.w.org\/{rel}","templated":true}]}}