{"id":313276,"date":"2018-08-18T14:10:01","date_gmt":"2018-08-18T12:10:01","guid":{"rendered":"https:\/\/www.focolare.org\/breve-retrospective-des-rencontres-mondiales-des-familles\/"},"modified":"2024-05-15T20:57:28","modified_gmt":"2024-05-15T18:57:28","slug":"breve-retrospective-des-rencontres-mondiales-des-familles","status":"publish","type":"post","link":"https:\/\/www.focolare.org\/fr\/breve-retrospective-des-rencontres-mondiales-des-familles\/","title":{"rendered":"Br\u00e8ve r\u00e9trospective des rencontres mondiales des familles"},"content":{"rendered":"<p><strong>Au moment o\u00f9 les Nations Unies ont d\u00e9clar\u00e9 1994 \u00ab\u00a0Ann\u00e9e Internationale de la Famille\u00a0\u00bb, Jean-Paul II annon\u00e7a \u00ab\u00a0La Rencontre Mondiale des Familles\u00a0\u00bb<\/strong> qui s&rsquo;est d\u00e9roul\u00e9e \u00e0 Rome les 8 et 9 octobre de cette m\u00eame ann\u00e9e.  Depuis, cet \u00e9v\u00e9nement international, d\u00e9di\u00e9 \u00e0 la famille, a lieu tous les trois ans: \u00e0 Rio de Janeiro (Br\u00e9sil) en 1997, lors du Jubil\u00e9 de l&rsquo;an 2000 de nouveau \u00e0 Rome, \u00e0 Manille (Philippines) en 2003, en Espagne (Valence) en 2006, \u00e0 Mexico en 2009, en 2012 \u00e0 Milan (Italie) et le dernier en 2015 \u00e0 Philadelphie (USA).  A quelques jours de sa 9\u00e8me \u00e9dition, qui se d\u00e9roulera du 25 au 26 ao\u00fbt et qui s&rsquo;intitulera <strong>\u00ab\u00a0L\u2019\u00c9vangile de la Famille: une joie pour le monde\u00a0\u00bb<\/strong>, des milliers de familles de 196 pays se pr\u00e9parent \u00e0 rencontrer le Pape Fran\u00e7ois \u00e0 Dublin (Irlande). 500 000 personnes sont attendues \u00e0 la Messe de cl\u00f4ture.  Promu par le nouveau Dicast\u00e8re pour les <em>La\u00efcs, la Famille et la Vie<\/em>, l&rsquo;\u00e9v\u00e9nement sera pr\u00e9c\u00e9d\u00e9 d&rsquo;un congr\u00e8s pastoral de trois jours auquel participeront 37 000 familles.<\/p>\n","protected":false},"excerpt":{"rendered":"<p>Au moment o\u00f9 les Nations Unies ont d\u00e9clar\u00e9 1994 \u00ab\u00a0Ann\u00e9e Internationale de la Famille\u00a0\u00bb, Jean-Paul II annon\u00e7a \u00ab\u00a0La Rencontre Mondiale des Familles\u00a0\u00bb qui s&rsquo;est d\u00e9roul\u00e9e \u00e0 Rome les 8 et 9 octobre de cette m\u00eame ann\u00e9e. Depuis, cet \u00e9v\u00e9nement international, d\u00e9di\u00e9 \u00e0 la famille, a lieu tous les trois ans: \u00e0 Rio de Janeiro (Br\u00e9sil) [&hellip;]<\/p>\n","protected":false},"author":34,"featured_media":0,"comment_status":"open","ping_status":"open","sticky":false,"template":"","format":"standard","meta":{"give_campaign_id":0,"_seopress_robots_primary_cat":"","_seopress_titles_title":"","_seopress_titles_desc":"","_seopress_robots_index":"","_et_pb_use_builder":"","_et_pb_old_content":"","_et_gb_content_width":"","footnotes":""},"categories":[47],"tags":[],"class_list":["post-313276","post","type-post","status-publish","format-standard","hentry","category-non-classifiee"],"_links":{"self":[{"href":"https:\/\/www.focolare.org\/fr\/wp-json\/wp\/v2\/posts\/313276","targetHints":{"allow":["GET"]}}],"collection":[{"href":"https:\/\/www.focolare.org\/fr\/wp-json\/wp\/v2\/posts"}],"about":[{"href":"https:\/\/www.focolare.org\/fr\/wp-json\/wp\/v2\/types\/post"}],"author":[{"embeddable":true,"href":"https:\/\/www.focolare.org\/fr\/wp-json\/wp\/v2\/users\/34"}],"replies":[{"embeddable":true,"href":"https:\/\/www.focolare.org\/fr\/wp-json\/wp\/v2\/comments?post=313276"}],"version-history":[{"count":0,"href":"https:\/\/www.focolare.org\/fr\/wp-json\/wp\/v2\/posts\/313276\/revisions"}],"wp:attachment":[{"href":"https:\/\/www.focolare.org\/fr\/wp-json\/wp\/v2\/media?parent=313276"}],"wp:term":[{"taxonomy":"category","embeddable":true,"href":"https:\/\/www.focolare.org\/fr\/wp-json\/wp\/v2\/categories?post=313276"},{"taxonomy":"post_tag","embeddable":true,"href":"https:\/\/www.focolare.org\/fr\/wp-json\/wp\/v2\/tags?post=313276"}],"curies":[{"name":"wp","href":"https:\/\/api.w.org\/{rel}","templated":true}]}}