{"id":313328,"date":"2018-09-07T23:10:28","date_gmt":"2018-09-07T21:10:28","guid":{"rendered":"https:\/\/www.focolare.org\/marie-fleur-de-lhumanite\/"},"modified":"2024-05-15T20:57:39","modified_gmt":"2024-05-15T18:57:39","slug":"marie-fleur-de-lhumanite","status":"publish","type":"post","link":"https:\/\/www.focolare.org\/fr\/marie-fleur-de-lhumanite\/","title":{"rendered":"Marie, fleur de l\u2019humanit\u00e9"},"content":{"rendered":"<p>\u201cL\u2019Ancien Testament et le Nouveau Testament forment un seul arbre. La floraison se passa \u00e0 la pl\u00e9nitude des temps. Et l\u2019unique fleur \u00e9tait <a href=\"https:\/\/www.focolare.org\/fr\/chiara-lubich\/spiritualita-dellunita\/maria\/\">Marie<\/a>. Le fruit qui s\u2019en suivit fut J\u00e9sus. M\u00eame l\u2019arbre de l\u2019humanit\u00e9 a \u00e9t\u00e9 cr\u00e9\u00e9 \u00e0 l\u2019image de Dieu. Dans la pl\u00e9nitude des temps, \u00e0 la floraison, l\u2019unit\u00e9 entre Ciel et terre se fit et l\u2019Esprit Saint \u00e9pousa Marie. Nous avons donc une seule fleur : Marie. Et un seul fruit : J\u00e9sus. Mais Marie, m\u00eame si elle est une, est la synth\u00e8se de la cr\u00e9ation tout enti\u00e8re au fa\u00eete de sa beaut\u00e9, lorsqu\u2019elle se pr\u00e9sente comme \u00e9pouse \u00e0 son Cr\u00e9ateur. [\u2026] Marie est la fleur ouverte sur l\u2019arbre de l\u2019humanit\u00e9 n\u00e9 de Dieu qui cr\u00e9a la premi\u00e8re semence en Adam. Elle est la Fille de Dieu son Fils.  En regardant un g\u00e9ranium, qui donnait naissance \u00e0 une fleur rouge, je me demandais et lui demandais : \u00ab Pourquoi fleuris-tu en rouge ? Pourquoi du vert changes-tu en rouge ? \u00bb Cela me semblait quelque chose d\u2019\u00e9trange ! Aujourd\u2019hui j\u2019ai compris que toute l\u2019humanit\u00e9 fleurit en Marie. Marie est la fleur de l\u2019humanit\u00e9. Elle, l\u2019Immacul\u00e9e, est la fleur de la Macul\u00e9e.  L\u2019humanit\u00e9 p\u00e9cheresse a fleuri en Marie, la toute belle ! Et, comme la fleur rouge est reconnaissante envers la petite plante verte par les racines et l\u2019engrais qui la fait fleurir, de m\u00eame Marie est, parce que nous \u00e9tions p\u00e9cheurs, et que nous avons oblig\u00e9 Dieu \u00e0 penser \u00e0 Marie. Nous Lui devons le salut, et Elle sa vie \u00e0 nous \u00bb.  <a href=\"https:\/\/www.focolare.org\/fr\/chiara-lubich\/chi-e-chiara\/\">Chiara Lubich<\/a>, <em>Marie transparence de Dieu, pp. 85-87<\/em><\/p>\n","protected":false},"excerpt":{"rendered":"<p>Marie est l\u2019humanit\u00e9 r\u00e9alis\u00e9e, le mod\u00e8le de l\u2019\u00eatre humain. La pl\u00e9nitude d\u2019humanit\u00e9 que nous retrouvons en elle, disciple, femme de foi et d\u2019esp\u00e9rance, vierge, \u00e9pouse, m\u00e8re, trouve son expression dans un c\u00e9l\u00e8bre texte de Chiara Lubich.<\/p>\n","protected":false},"author":34,"featured_media":0,"comment_status":"open","ping_status":"open","sticky":false,"template":"","format":"standard","meta":{"give_campaign_id":0,"_seopress_robots_primary_cat":"","_seopress_titles_title":"","_seopress_titles_desc":"","_seopress_robots_index":"","_et_pb_use_builder":"","_et_pb_old_content":"","_et_gb_content_width":"","footnotes":""},"categories":[47],"tags":[],"class_list":["post-313328","post","type-post","status-publish","format-standard","hentry","category-non-classifiee"],"_links":{"self":[{"href":"https:\/\/www.focolare.org\/fr\/wp-json\/wp\/v2\/posts\/313328","targetHints":{"allow":["GET"]}}],"collection":[{"href":"https:\/\/www.focolare.org\/fr\/wp-json\/wp\/v2\/posts"}],"about":[{"href":"https:\/\/www.focolare.org\/fr\/wp-json\/wp\/v2\/types\/post"}],"author":[{"embeddable":true,"href":"https:\/\/www.focolare.org\/fr\/wp-json\/wp\/v2\/users\/34"}],"replies":[{"embeddable":true,"href":"https:\/\/www.focolare.org\/fr\/wp-json\/wp\/v2\/comments?post=313328"}],"version-history":[{"count":0,"href":"https:\/\/www.focolare.org\/fr\/wp-json\/wp\/v2\/posts\/313328\/revisions"}],"wp:attachment":[{"href":"https:\/\/www.focolare.org\/fr\/wp-json\/wp\/v2\/media?parent=313328"}],"wp:term":[{"taxonomy":"category","embeddable":true,"href":"https:\/\/www.focolare.org\/fr\/wp-json\/wp\/v2\/categories?post=313328"},{"taxonomy":"post_tag","embeddable":true,"href":"https:\/\/www.focolare.org\/fr\/wp-json\/wp\/v2\/tags?post=313328"}],"curies":[{"name":"wp","href":"https:\/\/api.w.org\/{rel}","templated":true}]}}