{"id":313338,"date":"2018-09-12T17:25:56","date_gmt":"2018-09-12T15:25:56","guid":{"rendered":"https:\/\/www.focolare.org\/teleconference-ch-samedi-15-septembre-a-12h-heure-italienne\/"},"modified":"2024-05-15T20:57:40","modified_gmt":"2024-05-15T18:57:40","slug":"teleconference-ch-samedi-15-septembre-a-12h-heure-italienne","status":"publish","type":"post","link":"https:\/\/www.focolare.org\/fr\/teleconference-ch-samedi-15-septembre-a-12h-heure-italienne\/","title":{"rendered":"T\u00e9l\u00e9conf\u00e9rence (CH) &#8211; samedi 15 septembre \u00e0 12h (heure italienne)"},"content":{"rendered":"<p><a href=\"http:\/\/collegamentoch.focolare.org\/\"><img loading=\"lazy\" decoding=\"async\" class=\"alignleft\" src=\"https:\/\/www.focolare.org\/wp-content\/uploads\/2017\/11\/CHnext.jpg\" alt=\"\" width=\"510\" height=\"326\" \/><\/a><\/p>\n","protected":false},"excerpt":{"rendered":"<p>Le samedi 15 septembre 2018, \u00e0 12h (heure italienne), aura lieu la prochaine t\u00e9l\u00e9conf\u00e9rence (CH). Pour la suivre en direct vous pouvez vous connecter au site: <a href=\"http:\/\/collegamentoch.focolare.org\/\">http:\/\/collegamentoch.focolare.org\/<\/a><\/p>\n","protected":false},"author":34,"featured_media":0,"comment_status":"open","ping_status":"open","sticky":false,"template":"","format":"standard","meta":{"give_campaign_id":0,"_seopress_robots_primary_cat":"","_seopress_titles_title":"","_seopress_titles_desc":"","_seopress_robots_index":"","_et_pb_use_builder":"","_et_pb_old_content":"","_et_gb_content_width":"","footnotes":""},"categories":[47],"tags":[],"class_list":["post-313338","post","type-post","status-publish","format-standard","hentry","category-non-classifiee"],"_links":{"self":[{"href":"https:\/\/www.focolare.org\/fr\/wp-json\/wp\/v2\/posts\/313338","targetHints":{"allow":["GET"]}}],"collection":[{"href":"https:\/\/www.focolare.org\/fr\/wp-json\/wp\/v2\/posts"}],"about":[{"href":"https:\/\/www.focolare.org\/fr\/wp-json\/wp\/v2\/types\/post"}],"author":[{"embeddable":true,"href":"https:\/\/www.focolare.org\/fr\/wp-json\/wp\/v2\/users\/34"}],"replies":[{"embeddable":true,"href":"https:\/\/www.focolare.org\/fr\/wp-json\/wp\/v2\/comments?post=313338"}],"version-history":[{"count":0,"href":"https:\/\/www.focolare.org\/fr\/wp-json\/wp\/v2\/posts\/313338\/revisions"}],"wp:attachment":[{"href":"https:\/\/www.focolare.org\/fr\/wp-json\/wp\/v2\/media?parent=313338"}],"wp:term":[{"taxonomy":"category","embeddable":true,"href":"https:\/\/www.focolare.org\/fr\/wp-json\/wp\/v2\/categories?post=313338"},{"taxonomy":"post_tag","embeddable":true,"href":"https:\/\/www.focolare.org\/fr\/wp-json\/wp\/v2\/tags?post=313338"}],"curies":[{"name":"wp","href":"https:\/\/api.w.org\/{rel}","templated":true}]}}