{"id":313380,"date":"2018-09-27T23:10:32","date_gmt":"2018-09-27T21:10:32","guid":{"rendered":"https:\/\/www.focolare.org\/le-jour-nait-de-la-nuit\/"},"modified":"2024-05-15T20:57:47","modified_gmt":"2024-05-15T18:57:47","slug":"le-jour-nait-de-la-nuit","status":"publish","type":"post","link":"https:\/\/www.focolare.org\/fr\/le-jour-nait-de-la-nuit\/","title":{"rendered":"Le jour na\u00eet de la nuit"},"content":{"rendered":"<p><strong><a href=\"https:\/\/www.focolare.org\/wp-content\/uploads\/2018\/09\/02CM.jpg\"><img alt=\"\" alt=\"\" loading=\"lazy\" decoding=\"async\" class=\"alignleft wp-image-171446\" src=\"https:\/\/www.focolare.org\/wp-content\/uploads\/2018\/09\/02CM.jpg\" alt=\"\" width=\"360\" height=\"203\" \/><\/a>D\u00e9membrement des familles, pauvret\u00e9, extr\u00eame ins\u00e9curit\u00e9. Et puis les prix augmentent, il y a un manque de nourriture, de moyens publics, d\u2019\u00e9nergie \u00e9lectrique et d\u2019eau courante<\/strong>. La crise d\u2019un pays tout entier se r\u00e9sume dans la pri\u00e8re avant le d\u00eener, le premier en terre v\u00e9n\u00e9zu\u00e9lienne pour <strong>Agostino et Marisa<\/strong>\u00a0:\u2019\u2019Seigneur, merci que nous ayons pu trouver \u00e0 manger et que nous puissions\u00a0 partager le repas\u2019\u2019. \u00ab\u00a0Le programme \u00e9tait de rencontrer les familles, d\u2019abord au Centre Mariapolis pr\u00e8s de Caracas, puis \u00e0 Valencia et \u00e0 Maracaibo. <strong>Emeris et Oscar<\/strong> nous ont accompagn\u00e9s et nous ont fait participer \u00e0 leur vie\u00a0\u00bb. Agostino et Marisa, ayant v\u00e9cu de nombreuses ann\u00e9es \u00e0 <a href=\"https:\/\/www.focolare.org\/fr\/focolare-worldwide\/america-nord-e-centrale\/rep-dominicana\/\">Santo Domingo<\/a>, revivent l\u2019exp\u00e9rience de pauvret\u00e9, v\u00e9cue par beaucoup de gens dans ce pays, et de la souffrance du d\u00e9tachement de leurs familles, contraints \u00e0 \u00e9migrer. La m\u00eame que pour des milliers et des milliers d\u2019italiens ayant fui la crise de l\u2019apr\u00e8s-guerre. Ils embarquaient avec des valises en carton. \u00ab\u00a0Le peuple v\u00e9n\u00e9zu\u00e9lien a accueilli des migrants pendant des d\u00e9cennies et il est maintenant oblig\u00e9 d\u2019\u00e9migrer. Du bien \u2013 \u00eatre \u00e0 l\u2019extr\u00eame ins\u00e9curit\u00e9. Ils nous ont dit\u00a0:\u00a0\u2018\u2019\u00a0Nous \u00e9tions riches et vivions dans l\u2019abondance et nous ne le savions pas, maintenant, tout est pr\u00e9cieux\u2019\u2019\u00a0\u00bb.  \u2018\u2019La crise est la plus grande b\u00e9n\u00e9diction pour les personnes et les nations, car elle m\u00e8ne au progr\u00e8s. <strong>La cr\u00e9ativit\u00e9 na\u00eet de l\u2019angoisse comme le jour de la nuit obscure\u2026\u2019\u2019. C\u2019est ce que disait Albert Einstein en 1931<\/strong>. \u00ab\u00a0Il fallait du courage pour entendre ces paroles\u00a0\u00bb, contenues dans une vid\u00e9o r\u00e9alis\u00e9e par les <a href=\"https:\/\/www.focolare.org\/fr\/movimento-dei-focolari\/un-popolo\/famiglie-nuove\/\">Familles Nouvelles<\/a>. Les familles elles-m\u00eames nous ont demand\u00e9 de le pr\u00e9senter \u00e0 nouveau le jour suivant. Elles nous ont dit\u00a0:\u00a0\u2018\u2019\u00a0Vous avez \u00e9t\u00e9 \u00e0 S. Domingo et \u00e0 <a href=\"https:\/\/www.focolare.org\/fr\/focolare-worldwide\/america-nord-e-centrale\/cuba\/\">Cuba<\/a> pour nous aider, ici, aujourd\u2019hui\u2019\u2019. \u2018\u2019<strong>Cette crise \u00e9conomique nous a ouvert les yeux sur les n\u00e9cessit\u00e9s du prochain<\/strong>\u2019\u2019\u00a0\u00bb.  <a href=\"https:\/\/www.focolare.org\/wp-content\/uploads\/2018\/09\/01Caracas.jpg\"><img alt=\"\" alt=\"\" loading=\"lazy\" decoding=\"async\" class=\"alignright wp-image-171467\" src=\"https:\/\/www.focolare.org\/wp-content\/uploads\/2018\/09\/01Caracas.jpg\" alt=\"\" width=\"360\" height=\"203\" \/><\/a><strong>A Caracas, le programme continue, \u00ab\u00a0tr\u00e8s serr\u00e9 de rendez-vous\u00a0: colloques, repas avec les familles<\/strong>. Chacune \u00e0 son tour, avait re\u00e7u une autorisation du travail et avait pu se rendre chez Emeris et Oscar. Nous avons racont\u00e9 une exp\u00e9rience qui pour nous a \u00e9t\u00e9 fondamentale. Nous devions d\u00e9cider o\u00f9 aller vivre et nous avions des id\u00e9es compl\u00e8tement diff\u00e9rentes, mais un soir, nous avons fait le pacte de faire propre, le d\u00e9sir de l\u2019autre. Une solution inattendue est apparue, qui contenait les \u00e9l\u00e9ments importants de chacun, mais \u00e9tait nouvelle. Un fruit de l\u2019amour r\u00e9ciproque\u00a0\u00bb. Ils racontent\u00a0:\u00a0\u00ab\u00a0Beaucoup de familles ont une voiture, mais il est toujours plus difficile de la r\u00e9parer, aussi bien pour le co\u00fbt que cela repr\u00e9sente que pour le manque d\u2019ouvriers sp\u00e9cialis\u00e9s qui ont quitt\u00e9 le pays. Un gros probl\u00e8me, c\u2019est les pneus. Emeris et Oscar \u00e9taient aussi pr\u00e9occup\u00e9s \u00e0 cause d\u2019un pneu us\u00e9. Apr\u00e8s quelques jours, nous avons achet\u00e9 deux des quatre pneus avec ce que nous avions su \u00e9pargner sur la nourriture. Ils les ont remplac\u00e9s et cela nous a permis de voyager\u00a0\u00bb.  <strong><a href=\"https:\/\/www.focolare.org\/wp-content\/uploads\/2018\/09\/09Valencia.jpg\"><img alt=\"\" alt=\"\" loading=\"lazy\" decoding=\"async\" class=\"alignleft wp-image-171469\" src=\"https:\/\/www.focolare.org\/wp-content\/uploads\/2018\/09\/09Valencia.jpg\" alt=\"\" width=\"360\" height=\"203\" \/><\/a>Valencia, \u00e0 deux heures de Caracas, souffre du manque d\u2019eau et des difficult\u00e9s des transports en commun<\/strong>. \u00ab\u00a0Dans un petit village rural, Guacamaya, nous avons rencontr\u00e9 la communaut\u00e9 qui \u00e9tait avant en contact avec Ofelia qui a d\u00fb partir. Ils se sont d\u00e9cid\u00e9s \u00e0 trouver le moyen pour aller de l\u2019avant sans devoir quitter le pays\u00a0\u00bb. De nombreux jeunes \u00e9taient aussi pr\u00e9sents \u00abils absorbaient chaque chose comme des \u00e9ponges\u00a0\u00bb. \u00ab\u00a0Apr\u00e8s deux jours, le voyage pour Maracaibo \u00e9tait expos\u00e9 aux risques des contr\u00f4les et des barricades. Mais tout s\u2019est bien pass\u00e9. Sans \u00e9lectricit\u00e9, tout \u00e9tait difficile\u00a0: la chaleur \u00e9touffante, l\u2019impossibilit\u00e9 de mettre en route l\u2019air conditionn\u00e9, le manque de connexion internet, les programmes qui sautaient.  Le soir, nous devions retourner en ville, un d\u00eener avec deux familles nous attendait, la nuit dans une autre famille, le petit-d\u00e9jeuner dans une autre encore afin de voir tout le monde sans peser financi\u00e8rement \u00a0sur personne. <strong>Le long de la route, un bloc de manifestants nous oblige \u00e0 revenir sur nos pas<\/strong>. La famille qui nous accueille \u00e0 nouveau, n\u2019ayant pas au programme que nous retournerions, n\u2019avait rien pour le repas. Nous avons pris des p\u00e2tes de nos valises et avons cuisin\u00e9. Une tr\u00e8s belle soir\u00e9e. Et puis l\u2019incroyable\u00a0: l\u2019\u00e9lectricit\u00e9 \u00e9tait revenue et nous a permis de bien dormir. Le lendemain, en arrivant \u00e0 Maracaibo, nous avons su qu\u2019il n\u2019y avait pas eu le courant \u00e9lectrique et pour tout le monde, ce changement de programme avait \u00e9t\u00e9 un soulagement\u00a0\u00bb. Et dans leur r\u00e9cit, ils racontent aussi cet \u00e9pisode\u00a0:\u00a0\u00ab\u00a0La matin\u00e9e de la rencontre avec la communaut\u00e9, les transports en commun faisaient d\u00e9faut et il y avait de longues files pour se r\u00e9approvisionner. La famille qui avait tout organis\u00e9 est arriv\u00e9e apr\u00e8s de longues p\u00e9rip\u00e9ties. Leur fille leur avait propos\u00e9 de prier pour trouver un moyen de transport, et apr\u00e8s peu de temps, une voiture s\u2019\u00e9tait arr\u00eat\u00e9e en offrant la possibilit\u00e9 de monter dans la voiture\u00a0\u00bb. <strong>Cela aussi est le <a href=\"https:\/\/www.focolare.org\/fr\/focolare-worldwide\/america-sud\/venezuela\/\">Venezuela<\/a> d\u2019aujourd\u2019hui<\/strong>.  &nbsp;<\/p>\n","protected":false},"excerpt":{"rendered":"<p>Agostino et Marisa Peretti, italiens, ont pass\u00e9 trois semaines au Venezuela pour rencontrer les familles de la communaut\u00e9 des Focolari, touch\u00e9es par la grave crise que le pays est en train de traverser.<\/p>\n","protected":false},"author":34,"featured_media":0,"comment_status":"open","ping_status":"open","sticky":false,"template":"","format":"standard","meta":{"give_campaign_id":0,"_seopress_robots_primary_cat":"","_seopress_titles_title":"","_seopress_titles_desc":"","_seopress_robots_index":"","_et_pb_use_builder":"","_et_pb_old_content":"","_et_gb_content_width":"","footnotes":""},"categories":[906],"tags":[],"class_list":["post-313380","post","type-post","status-publish","format-standard","hentry","category-focolare-worldwide-2-3"],"_links":{"self":[{"href":"https:\/\/www.focolare.org\/fr\/wp-json\/wp\/v2\/posts\/313380","targetHints":{"allow":["GET"]}}],"collection":[{"href":"https:\/\/www.focolare.org\/fr\/wp-json\/wp\/v2\/posts"}],"about":[{"href":"https:\/\/www.focolare.org\/fr\/wp-json\/wp\/v2\/types\/post"}],"author":[{"embeddable":true,"href":"https:\/\/www.focolare.org\/fr\/wp-json\/wp\/v2\/users\/34"}],"replies":[{"embeddable":true,"href":"https:\/\/www.focolare.org\/fr\/wp-json\/wp\/v2\/comments?post=313380"}],"version-history":[{"count":0,"href":"https:\/\/www.focolare.org\/fr\/wp-json\/wp\/v2\/posts\/313380\/revisions"}],"wp:attachment":[{"href":"https:\/\/www.focolare.org\/fr\/wp-json\/wp\/v2\/media?parent=313380"}],"wp:term":[{"taxonomy":"category","embeddable":true,"href":"https:\/\/www.focolare.org\/fr\/wp-json\/wp\/v2\/categories?post=313380"},{"taxonomy":"post_tag","embeddable":true,"href":"https:\/\/www.focolare.org\/fr\/wp-json\/wp\/v2\/tags?post=313380"}],"curies":[{"name":"wp","href":"https:\/\/api.w.org\/{rel}","templated":true}]}}