{"id":313420,"date":"2018-10-14T23:10:36","date_gmt":"2018-10-14T21:10:36","guid":{"rendered":"https:\/\/www.focolare.org\/journee-mondiale-de-lalimentation-2\/"},"modified":"2024-05-15T20:57:54","modified_gmt":"2024-05-15T18:57:54","slug":"journee-mondiale-de-lalimentation-2","status":"publish","type":"post","link":"https:\/\/www.focolare.org\/fr\/journee-mondiale-de-lalimentation-2\/","title":{"rendered":"Journ\u00e9e mondiale de l\u2019alimentation"},"content":{"rendered":"<p><strong><a href=\"http:\/\/www.fao.org\/news\/story\/en\/item\/1156834\/icode\/\"><img alt=\"\" alt=\"\" loading=\"lazy\" decoding=\"async\" class=\"alignleft wp-image-172078\" src=\"https:\/\/www.focolare.org\/wp-content\/uploads\/2018\/10\/OurActionsOurFuture.jpg\" alt=\"\" width=\"360\" height=\"203\" \/><\/a><\/strong>\u201cNos actions sont notre futur\u201d, c&rsquo;est le th\u00e8me de la Journ\u00e9e mondiale de l\u2019alimentation, que la FAO <a href=\"http:\/\/www.fao.org\/home\/fr\/\">(Food and Agriculture Organization<\/a>) c\u00e9l\u00e8bre chaque ann\u00e9e le 16 octobre. Cette journ\u00e9e fait participer des organisations internationales en plus des \u00e9coles, usines, m\u00e9dia, organisations de recherche et instituts de la soci\u00e9t\u00e9 civile: un programme riche en \u00e9v\u00e9nements et en manifestations qui visent \u00e0 sensibiliser l\u2019opinion publique sur les th\u00e8mes de la pauvret\u00e9, de la faim et de la malnutrition, en vue d\u2019arriver \u00e0 l\u2019objectif Faim Z\u00e9ro inscrit \u00e0 l\u2019Agenda ONU pour 2030.  <a href=\"https:\/\/www.focolare.org\/fr\/movimento-dei-focolari\/un-popolo\/rpu\/\">Les jeunes du mouvement des Focolari<\/a> en ont fait un point central de leur formation et leur action durant toute l\u2019ann\u00e9e. Au mois de juin dernier, une d\u00e9l\u00e9gation de jeunes filles a particip\u00e9 \u00e0 un entretien aupr\u00e8s du si\u00e8ge international FAO de Rome, qui \u00e0 la fin\u00a0 leur a d\u00e9livr\u00e9 le passeport <a href=\"https:\/\/www.focolare.org\/fr\/news\/2018\/06\/20\/progetto-famezero\/\">\u00ab Citoyennes Faim Z\u00e9ro \u00bb<\/a>. Dans le monde entier elles ont organis\u00e9 des initiatives pour sensibiliser des jeunes du m\u00eame \u00e2ge et des adultes, elles ont aussi consacr\u00e9 le num\u00e9ro 2\/2018 de la revue bimensuelle \u00ab Teens \u00bb (Citt\u00e0 Nuova) au m\u00eame sujet.<\/p>\n","protected":false},"excerpt":{"rendered":"<p>\u201cNos actions sont notre futur\u201d, c&rsquo;est le th\u00e8me de la Journ\u00e9e mondiale de l\u2019alimentation, que la FAO (Food and Agriculture Organization) c\u00e9l\u00e8bre chaque ann\u00e9e le 16 octobre. Cette journ\u00e9e fait participer des organisations internationales en plus des \u00e9coles, usines, m\u00e9dia, organisations de recherche et instituts de la soci\u00e9t\u00e9 civile: un programme riche en \u00e9v\u00e9nements et [&hellip;]<\/p>\n","protected":false},"author":34,"featured_media":0,"comment_status":"open","ping_status":"open","sticky":false,"template":"","format":"standard","meta":{"give_campaign_id":0,"_seopress_robots_primary_cat":"","_seopress_titles_title":"","_seopress_titles_desc":"","_seopress_robots_index":"","_et_pb_use_builder":"","_et_pb_old_content":"","_et_gb_content_width":"","footnotes":""},"categories":[47],"tags":[],"class_list":["post-313420","post","type-post","status-publish","format-standard","hentry","category-non-classifiee"],"_links":{"self":[{"href":"https:\/\/www.focolare.org\/fr\/wp-json\/wp\/v2\/posts\/313420","targetHints":{"allow":["GET"]}}],"collection":[{"href":"https:\/\/www.focolare.org\/fr\/wp-json\/wp\/v2\/posts"}],"about":[{"href":"https:\/\/www.focolare.org\/fr\/wp-json\/wp\/v2\/types\/post"}],"author":[{"embeddable":true,"href":"https:\/\/www.focolare.org\/fr\/wp-json\/wp\/v2\/users\/34"}],"replies":[{"embeddable":true,"href":"https:\/\/www.focolare.org\/fr\/wp-json\/wp\/v2\/comments?post=313420"}],"version-history":[{"count":0,"href":"https:\/\/www.focolare.org\/fr\/wp-json\/wp\/v2\/posts\/313420\/revisions"}],"wp:attachment":[{"href":"https:\/\/www.focolare.org\/fr\/wp-json\/wp\/v2\/media?parent=313420"}],"wp:term":[{"taxonomy":"category","embeddable":true,"href":"https:\/\/www.focolare.org\/fr\/wp-json\/wp\/v2\/categories?post=313420"},{"taxonomy":"post_tag","embeddable":true,"href":"https:\/\/www.focolare.org\/fr\/wp-json\/wp\/v2\/tags?post=313420"}],"curies":[{"name":"wp","href":"https:\/\/api.w.org\/{rel}","templated":true}]}}