{"id":313424,"date":"2018-10-15T23:17:27","date_gmt":"2018-10-15T21:17:27","guid":{"rendered":"https:\/\/www.focolare.org\/silence-on-tourne\/"},"modified":"2024-05-15T20:57:55","modified_gmt":"2024-05-15T18:57:55","slug":"silence-on-tourne","status":"publish","type":"post","link":"https:\/\/www.focolare.org\/fr\/silence-on-tourne\/","title":{"rendered":"Silence, on tourne!"},"content":{"rendered":"<p><strong><a href=\"https:\/\/www.focolare.org\/wp-content\/uploads\/2018\/10\/20181016-01.jpg\"><img alt=\"\" alt=\"\" loading=\"lazy\" decoding=\"async\" class=\"wp-image-172102 alignright\" src=\"https:\/\/www.focolare.org\/wp-content\/uploads\/2018\/10\/20181016-01.jpg\" alt=\"\" width=\"281\" height=\"393\" \/><\/a>Dans la pampa argentine<\/strong>, \u201cLia\u201d continue \u00e0 attirer des jeunes de tous les points du monde. <a href=\"https:\/\/www.focolare.org\/mariapolislia\/\">La cit\u00e9 Pilote du Mouvement des Focolari<\/a>, qui porte le nom de<a href=\"https:\/\/www.focolare.org\/fr\/news\/2011\/02\/04\/liabrunet\/\"> Lia Brunet<\/a>, pionni\u00e8re des Focolari en Am\u00e9rique du Sud, a f\u00eat\u00e9 depuis peu, malgr\u00e9 l\u2019hiver qui s\u00e9vit en juillet, le 50\u00e8me anniversaire de sa fondation. Et la voil\u00e0 en train d\u2019ouvrir \u00e0 nouveau ses portes en ce mois de septembre plus doux, qui annonce une saison plus chaude, avec une proposition originale qui s\u2019adresse aux jeunes: l\u2019invitation \u00e0 devenir protagoniste de sa propre vie. \u201cJusqu\u2019\u00e0 la derni\u00e8re minute\u201d. \u201cUne expression \u00a0\u2013 au dire des habitants de la Mariapolis Lia \u00a0\u2013 li\u00e9 au souvenir de Guillermo Curti, un focolarino pr\u00eatre mort subitement au d\u00e9but de l\u2019ann\u00e9e. Pour tous, mais en particulier pour les jeunes, Guillermo a \u00e9t\u00e9 un mod\u00e8le de fid\u00e9lit\u00e9 et d\u2019amour jusqu\u2019\u00e0 ses derniers instants\u201d.  Les 22 et 23 septembre la cit\u00e9 pilote a rouvert ses portes \u00e0 800 jeunes, dont 350 sont arriv\u00e9s le premier jour et les 450 autres le jour suivant. Ils viennent du Paraguay, de l\u2019Uruguay et de l\u2019Argentine. \u201cLe premier jour ils se sont divis\u00e9s en groupes selon leurs Pays d\u2019origine et ont pr\u00e9par\u00e9 des stands r\u00e9partis sur tout le territoire de la Mariapolis, pour pr\u00e9senter leurs cultures respectives et cr\u00e9er des liens plus personnels. Le soir spectacle tr\u00e8s r\u00e9ussi de danses et de manifestations folkloriques. Les jeunes, en v\u00e9ritables protagonistes, se sont g\u00e9n\u00e9reusement lanc\u00e9s \u00a0dans la pr\u00e9paration de la seconde journ\u00e9e, celle du dimanche, qui a vu l\u2019arriv\u00e9e des jeunes provenant des diff\u00e9rentes provinces argentines\u201d.  <img alt=\"\" alt=\"\" loading=\"lazy\" decoding=\"async\" class=\"wp-image-172108 alignleft\" src=\"https:\/\/www.focolare.org\/wp-content\/uploads\/2018\/10\/20181016-03.jpg\" alt=\"\" width=\"320\" height=\"214\" \/>Le programme du 23 septembre pr\u00e9voit que les participants soient accueillis dans un v\u00e9ritable studio de cin\u00e9ma, o\u00f9 commencent les reprises de divers films, se situant \u00e0 diverses \u00e9poques (ann\u00e9es 70, 80, 90, 2000) et appartenant \u00e0 divers genres (horreur, musical, fiction, science-fiction). \u201cLes cinq d\u00e9cades repr\u00e9sentaient le 50\u00e8me anniversaire de la Cit\u00e9 pilote. Chaque film traitait d\u2019un d\u00e9fi pour les jeunes d\u2019aujourd\u2019hui: addictions, consum\u00e9risme, choix de vie, m\u00e9dias, illustr\u00e9 par des exp\u00e9riences et des r\u00e9cits adapt\u00e9s \u00e0 chaque th\u00e9matique. Ensuite la remise d\u2019un prix et le discours de cl\u00f4ture, suivis non seulement par les jeunes pr\u00e9sents dans la cit\u00e9 pilote, mais aussi depuis 200 points d\u2019\u00e9coute reli\u00e9s en direct. Sans oublier les milliers de s\u00e9quences visualis\u00e9es\u00a0 au cours des jours suivants.  A la fin du week-end une grande joie r\u00e9gnait parmi nous. Nous avions fait, malgr\u00e9 de grandes difficult\u00e9s, une profonde exp\u00e9rience d\u2019unit\u00e9\u00a0 qui nous a chang\u00e9s et fait exp\u00e9rimenter la pr\u00e9sence de J\u00e9sus au milieu de nous. Le lundi, apr\u00e8s un sommeil r\u00e9parateur, nous tous, habitants de la Mariapolis Lia, nous avons d\u00een\u00e9 ensemble , dans un climat de famille. Puis nous avons \u00e0 nouveau\u00a0 dans\u00e9 et chant\u00e9 car, apr\u00e8s une telle exp\u00e9rience, nos c\u0153urs d\u00e9bordaient \u00a0de joie\u201d.  &nbsp;  &nbsp;  &nbsp;  &nbsp;  &nbsp;  &nbsp;  &nbsp;  &nbsp;  &nbsp;  &nbsp;  &nbsp;  &nbsp;  &nbsp;  &nbsp;  &nbsp;  &nbsp;  &nbsp;  &nbsp;<\/p>\n","protected":false},"excerpt":{"rendered":"<p>A la Mariapolis Lia, en Argentine, 800  jeunes et ados d\u00e9couvrent comment devenir protagonistes. Pas seulement de mani\u00e8re fictive, mais dans leur propre vie.<\/p>\n","protected":false},"author":33,"featured_media":0,"comment_status":"open","ping_status":"open","sticky":false,"template":"","format":"standard","meta":{"give_campaign_id":0,"_seopress_robots_primary_cat":"","_seopress_titles_title":"","_seopress_titles_desc":"","_seopress_robots_index":"","_et_pb_use_builder":"","_et_pb_old_content":"","_et_gb_content_width":"","footnotes":""},"categories":[47],"tags":[],"class_list":["post-313424","post","type-post","status-publish","format-standard","hentry","category-non-classifiee"],"_links":{"self":[{"href":"https:\/\/www.focolare.org\/fr\/wp-json\/wp\/v2\/posts\/313424","targetHints":{"allow":["GET"]}}],"collection":[{"href":"https:\/\/www.focolare.org\/fr\/wp-json\/wp\/v2\/posts"}],"about":[{"href":"https:\/\/www.focolare.org\/fr\/wp-json\/wp\/v2\/types\/post"}],"author":[{"embeddable":true,"href":"https:\/\/www.focolare.org\/fr\/wp-json\/wp\/v2\/users\/33"}],"replies":[{"embeddable":true,"href":"https:\/\/www.focolare.org\/fr\/wp-json\/wp\/v2\/comments?post=313424"}],"version-history":[{"count":0,"href":"https:\/\/www.focolare.org\/fr\/wp-json\/wp\/v2\/posts\/313424\/revisions"}],"wp:attachment":[{"href":"https:\/\/www.focolare.org\/fr\/wp-json\/wp\/v2\/media?parent=313424"}],"wp:term":[{"taxonomy":"category","embeddable":true,"href":"https:\/\/www.focolare.org\/fr\/wp-json\/wp\/v2\/categories?post=313424"},{"taxonomy":"post_tag","embeddable":true,"href":"https:\/\/www.focolare.org\/fr\/wp-json\/wp\/v2\/tags?post=313424"}],"curies":[{"name":"wp","href":"https:\/\/api.w.org\/{rel}","templated":true}]}}