{"id":313432,"date":"2018-10-19T12:10:08","date_gmt":"2018-10-19T10:10:08","guid":{"rendered":"https:\/\/www.focolare.org\/video-message-inattendu-du-pape-francois\/"},"modified":"2024-05-15T20:57:56","modified_gmt":"2024-05-15T18:57:56","slug":"video-message-inattendu-du-pape-francois","status":"publish","type":"post","link":"https:\/\/www.focolare.org\/fr\/video-message-inattendu-du-pape-francois\/","title":{"rendered":"Vid\u00e9o-message inattendu du Pape Fran\u00e7ois"},"content":{"rendered":"<p><strong><img alt=\"\" alt=\"\" loading=\"lazy\" decoding=\"async\" class=\"alignleft wp-image-172246\" src=\"https:\/\/www.focolare.org\/wp-content\/uploads\/2018\/10\/Cherylanne-Menezes.jpg\" alt=\"\" width=\"300\" height=\"200\" \/>Cherylanne (Doni) Menezes, indienne de Bombay, fait partie de la d\u00e9l\u00e9gation des 11 personnes qui repr\u00e9sentent le continent asiatique<\/strong>, au Synode des jeunes, en cours jusqu\u2019au 28 octobre. Elle a grandi dans une famille tr\u00e8s active au sein de la paroisse de son quartier, dans une communaut\u00e9 multiconfessionnelle. Apr\u00e8s avoir fait des \u00e9tudes d\u2019\u00e9conomie et de commerce, elle commence \u00e0 travailler dans la gestion. Mais ses centres d\u2019int\u00e9r\u00eat sont nombreux et la conduisent \u00e0 faire un master \u00e0 l\u2019Institut Universitaire Sophia de Loppiano: elle a r\u00e9dig\u00e9 une \u00a0th\u00e8se sur le dialogue entre hindous et chr\u00e9tiens dans le Mouvement des Focolari o\u00f9 elle est toujours engag\u00e9e, sp\u00e9cialement aupr\u00e8s des jeunes de son Pays.  <strong>Je la rencontre au cours de la pause du d\u00e9jeuner. La d\u00e9l\u00e9gation de l\u2019Inde est accompagn\u00e9e par le cardinal Oswald Gracias, archev\u00eaque de Bombay<\/strong>, et compos\u00e9e de neuf \u00e9v\u00eaques ( de l\u2019\u00c9glise latine, syro-malabare et syro-malankare) et d\u2019un autre la\u00efc, Perceval, pr\u00e9sident de l\u2019Indian Catholic Youth Movement. Cherylanne participe au Synode comme repr\u00e9sentante du Mouvement des Focolari en Inde. Elle a rencontr\u00e9 deux fois le Pape Fran\u00e7ois, avec la d\u00e9l\u00e9gation. La premi\u00e8re, au d\u00e9but des travaux (<strong>\u201cLes jeunes hindous de la communaut\u00e9 des Focolari prient aussi pour vous et cet \u00e9v\u00e9nement\u201d<\/strong>), avait-elle dit au Pape qui n\u2019avait alors pas cach\u00e9 sa joie) et la seconde en plein travaux \u00a0du Synode.  <strong><img alt=\"\" alt=\"\" loading=\"lazy\" decoding=\"async\" class=\"wp-image-172355 alignright\" src=\"https:\/\/www.focolare.org\/wp-content\/uploads\/2018\/10\/PHOTO-2018-10-19-11-23-00.jpg\" alt=\"\" width=\"291\" height=\"517\" \/><\/strong>  <strong>17 octobre: c\u2019est le jour du rendez-vous tr\u00e8s attendu.<\/strong> A 16h la d\u00e9l\u00e9gation est ponctuelle, \u00e0 l\u2019entr\u00e9e de la Salle Nervi, en m\u00eame temps que celle de l\u2019Am\u00e9rique du Sud. L\u2019apr\u00e8s-midi la session commence \u00e0 16h30, et au cours de la demi-heure qui la pr\u00e9c\u00e8de le Pape Fran\u00e7ois rencontre les divers groupes, pour un face \u00e0 face joyeux et informel qui fait partie int\u00e9grante de l\u2019esprit de ce Synode. Perceval offre au Pape une croix en bois de santal sur laquelle est imprim\u00e9e une image du Bon Pasteur, \u0153uvre d\u2019un artiste hindou. Cherylanne intervient:<strong> \u201cJ\u2019ai aussi des lettres pour vous, Saint P\u00e8re!\u201d<\/strong>. Ce sont de tr\u00e8s belles lettres, d\u00e9bordantes d\u2019affection, \u00e9crites par des jeunes et des familles de l\u2019Inde.<strong> Entre autres celles de deux jeunes, un hindou et un musulman<\/strong>. Tout en s\u2019y pr\u00e9sentant, ils promettent de prier pour le Pape et pour le Synode. \u201cOui, parce que \u2013 explique Cherylanne \u2013 c\u2019est le Synode de tous les jeunes\u201d.  <strong>Apr\u00e8s avoir remis au Pape la croix et les lettres, Cherylanne se risque \u00e0 lui demander: \u201cSaint P\u00e8re, voudriez-vous r\u00e9pondre \u00e0 ces deux jeunes par un vid\u00e9o-message?\u201d<\/strong> \u201cMais bien s\u00fbr!\u201d lui r\u00e9pond le Pape Fran\u00e7ois. Elle sort de sa poche son t\u00e9l\u00e9phone portable et le Pape regarde droit vers l\u2019\u00e9cran. <strong><em>\u201cJe vous remercie beaucoup pour votre salutation. Moi aussi je vous salue. Je prie pour vous et vous priez pour moi. Nous sommes unis par l\u2019amiti\u00e9. L\u2019unit\u00e9 est toujours plus forte que les guerres. Travailler \u00e0 l\u2019unit\u00e9 entre les personnes, respecter l\u2019identit\u00e9 de chacun, quelle que soit la religion qu\u2019il professe. Que le Seigneur vous b\u00e9nisse. Priez pour moi!\u201d<\/em>.<\/strong> Ce tr\u00e8s bref message capte une derni\u00e8re image, celle du sourire du Pape Fran\u00e7ois apr\u00e8s sa mission accomplie. Je lui fais remarquer que ce n\u2019est pas tous les jours qu\u2019on prend en photo avec son propre t\u00e9l\u00e9phone portable les salutations du Pape. \u201c Mon geste n\u2019a rien eu de courageux \u2013 me r\u00e9pond-elle \u2013 je n\u2019ai fait que saisir l\u2019occasion, le Pape Fran\u00e7ois est toujours tr\u00e8s disponible\u201d.  <strong>\u201cComment avance l\u2019exp\u00e9rience du Synode?, lui dis-je. \u201cNous sommes en train de vivre une exp\u00e9rience de discernement o\u00f9 l\u2019Esprit Saint est au travail en faisant toute chose nouvelle.<\/strong> L\u2019exp\u00e9rience des disciples sur la route d\u2019Emma\u00fcs d\u00e9crit bien ce que nous sommes en train de vivre. L\u2019\u00c9glise est en train de prendre conscience non seulement des d\u00e9fis \u00e0 relever, mais aussi des richesses\u00a0 et de son grand potentiel interne. Ici au Synode, je vois une convergence croissante entre nos pens\u00e9es. Il est urgent de cheminer ensemble, jeunes et \u00e9v\u00eaques, clercs et la\u00efcs, mouvements religieux et associations pour aller ensemble \u00e0 la rencontre du monde et lui montrer notre amour en acte\u201d.  <em>Chiara Favotti<\/em>  &nbsp;<\/p>\n","protected":false},"excerpt":{"rendered":"<p>Adress\u00e9 \u00e0 deux jeunes de Bombay, un hindou et un musulman, le vid\u00e9o-message du Pape, enregistr\u00e9 sur un t\u00e9l\u00e9phone portable, se propage \u00e0 toute vitesse. \u201cCe Synode est celui de tous les jeunes\u201d.<\/p>\n","protected":false},"author":34,"featured_media":0,"comment_status":"open","ping_status":"open","sticky":false,"template":"","format":"standard","meta":{"give_campaign_id":0,"_seopress_robots_primary_cat":"","_seopress_titles_title":"","_seopress_titles_desc":"","_seopress_robots_index":"","_et_pb_use_builder":"","_et_pb_old_content":"","_et_gb_content_width":"","footnotes":""},"categories":[906],"tags":[],"class_list":["post-313432","post","type-post","status-publish","format-standard","hentry","category-focolare-worldwide-2-3"],"_links":{"self":[{"href":"https:\/\/www.focolare.org\/fr\/wp-json\/wp\/v2\/posts\/313432","targetHints":{"allow":["GET"]}}],"collection":[{"href":"https:\/\/www.focolare.org\/fr\/wp-json\/wp\/v2\/posts"}],"about":[{"href":"https:\/\/www.focolare.org\/fr\/wp-json\/wp\/v2\/types\/post"}],"author":[{"embeddable":true,"href":"https:\/\/www.focolare.org\/fr\/wp-json\/wp\/v2\/users\/34"}],"replies":[{"embeddable":true,"href":"https:\/\/www.focolare.org\/fr\/wp-json\/wp\/v2\/comments?post=313432"}],"version-history":[{"count":0,"href":"https:\/\/www.focolare.org\/fr\/wp-json\/wp\/v2\/posts\/313432\/revisions"}],"wp:attachment":[{"href":"https:\/\/www.focolare.org\/fr\/wp-json\/wp\/v2\/media?parent=313432"}],"wp:term":[{"taxonomy":"category","embeddable":true,"href":"https:\/\/www.focolare.org\/fr\/wp-json\/wp\/v2\/categories?post=313432"},{"taxonomy":"post_tag","embeddable":true,"href":"https:\/\/www.focolare.org\/fr\/wp-json\/wp\/v2\/tags?post=313432"}],"curies":[{"name":"wp","href":"https:\/\/api.w.org\/{rel}","templated":true}]}}