{"id":313450,"date":"2018-10-26T23:10:47","date_gmt":"2018-10-26T21:10:47","guid":{"rendered":"https:\/\/www.focolare.org\/la-priere-pour-lunite\/"},"modified":"2024-05-15T20:57:59","modified_gmt":"2024-05-15T18:57:59","slug":"la-priere-pour-lunite","status":"publish","type":"post","link":"https:\/\/www.focolare.org\/fr\/la-priere-pour-lunite\/","title":{"rendered":"La pri\u00e8re pour l\u2019unit\u00e9"},"content":{"rendered":"<p><div id=\"attachment_172595\" style=\"width: 370px\" class=\"wp-caption alignleft\"><a href=\"https:\/\/www.focolare.org\/wp-content\/uploads\/2018\/10\/PasqualeForesi_con-giovani.jpg\"><img alt=\"\" alt=\"\" loading=\"lazy\" decoding=\"async\" aria-describedby=\"caption-attachment-172595\" class=\"wp-image-172595\" src=\"https:\/\/www.focolare.org\/wp-content\/uploads\/2018\/10\/PasqualeForesi_con-giovani.jpg\" alt=\"\" width=\"360\" height=\"238\" \/><\/a><p id=\"caption-attachment-172595\" class=\"wp-caption-text\">Photo d&rsquo;archive: Pasquale Foresi avec les jeunes du Mouvement des Focolari<\/p><\/div>  <strong>Les passages de l\u2019\u00c9vangile qui s\u2019y rapportent se trouvent\u00a0 au chapitre 17 de l\u2019\u00c9vangile de Jean<\/strong>, elles sont denses d\u2019expressions aux nombreuses significations: leur \u00a0lecture conduit <a href=\"https:\/\/www.focolare.org\/fr\/chiara-lubich\/chi-e-chiara\/\">Chiara Lubich<\/a> et ses premi\u00e8res compagnes \u00e0 faire d\u2019elles la \u201c Grande Charte \u201c du Mouvement des Focolari qui \u00e9tait \u00a0alors en train de na\u00eetre.  <strong>\u201c<a href=\"https:\/\/www.focolare.org\/fr\/chiara-lubich\/spiritualite-de-lunite\/unita\/\">Afin que tous soient un<\/a>. <\/strong>Comme toi, P\u00e8re, tu es en moi et moi en toi,\u00a0 qu\u2019ils soient eux aussi en nous une seule chose, afin que le monde croie que tu m\u2019as envoy\u00e9\u201d.  \u201cAfin que tous soient un\u201d. C\u2019est une phrase qui se rapporte au verset pr\u00e9c\u00e9dent, o\u00f9 J\u00e9sus prie aussi pour ceux qui \u00e0 travers la parole des ap\u00f4tres auront cru en lui: aussi est-ce la Parole qui nous fait\u00a0 un: Unit\u00e9 des esprits autour de la puissance unifiante de la Parole qui est le Christ.  Cette Parole franchira le cours des si\u00e8cles, \u00e0 travers les cultures les plus vari\u00e9es, elle pourra s\u2019ouvrir \u00e0 de nombreuses interpr\u00e9tations, mais elle restera toujours une et\u00a0 fera \u00a0de ceux qui l\u2019accueilleront une seule chose.  Une autre caract\u00e9ristique de cette unit\u00e9: \u00a0tandis que, par exemple, dans les \u00e9coles philosophiques, pour rester unis il suffit de ne pas s\u2019\u00e9loigner des intuitions fondamentales du ma\u00eetre, l\u2019unit\u00e9 chr\u00e9tienne est vitale.<strong> Elle est unit\u00e9 de l\u2019esprit et du c\u0153ur, elle est famille.<\/strong>  <strong>\u201cTous\u201d. Le mot indique la plus absolue et la plus ample universalit\u00e9 sans exceptions<\/strong> [\u2026]. Dans le verset, \u201ctous\u201d est li\u00e9 \u00e0 \u201cune seule chose\u201d. <strong>Ce sont deux points caract\u00e9ristiques de l\u2019\u00c9glise<\/strong>: la catholicit\u00e9 et l\u2019unit\u00e9. Paul insiste sur cette vocation chr\u00e9tienne \u00e0 l\u2019unit\u00e9 quand il \u00e9crit aux \u00c9ph\u00e9siens: \u201cUn seul corps, un seul esprit, comme une seule est l\u2019esp\u00e9rance \u00e0 laquelle vous \u00eates appel\u00e9s, celle de votre vocation; un seul Seigneur, une seule foi, une seul bapt\u00eame. Un seul Dieu P\u00e8re de tous, qui est au-dessus de tous, qui agit au moyen de tous et qui est pr\u00e9sent en tous\u201d. (Eph. 4, 4-6).  <em>\u00a0<\/em>  <em><a href=\"https:\/\/www.focolare.org\/fr\/chiara-lubich\/chi-e-chiara\/pasquale-foresi\/\">Pasquale Foresi<\/a>, <a href=\"https:\/\/www.cittanuova.it\/libri\/9788831151719\/\" target=\"_blank\" rel=\"noopener\">Luce che si incarna<\/a> (Lumi\u00e8re qui s\u2019incarne). Commentaire aux 12 points de la spiritualit\u00e9 de l\u2019unit\u00e9, Citt\u00e0 Nuova editrice, 2014\u00a0 p.131<\/em><\/p>\n","protected":false},"excerpt":{"rendered":"<p>\u201cUnit\u00e9\u201d, c\u2019est de cette r\u00e9alit\u00e9 que les Focolari cherchent \u00e0 t\u00e9moigner, c\u2019est elle qu\u2019ils cherchent \u00e0 annoncer par leur propre vie. Voici un commentaire du texte biblique du th\u00e9ologien Pasquale Foresi (1929-2015), cofondateur du Mouvement des Focolari.<\/p>\n","protected":false},"author":34,"featured_media":0,"comment_status":"open","ping_status":"open","sticky":false,"template":"","format":"standard","meta":{"give_campaign_id":0,"_seopress_robots_primary_cat":"","_seopress_titles_title":"","_seopress_titles_desc":"","_seopress_robots_index":"","_et_pb_use_builder":"","_et_pb_old_content":"","_et_gb_content_width":"","footnotes":""},"categories":[47],"tags":[],"class_list":["post-313450","post","type-post","status-publish","format-standard","hentry","category-non-classifiee"],"_links":{"self":[{"href":"https:\/\/www.focolare.org\/fr\/wp-json\/wp\/v2\/posts\/313450","targetHints":{"allow":["GET"]}}],"collection":[{"href":"https:\/\/www.focolare.org\/fr\/wp-json\/wp\/v2\/posts"}],"about":[{"href":"https:\/\/www.focolare.org\/fr\/wp-json\/wp\/v2\/types\/post"}],"author":[{"embeddable":true,"href":"https:\/\/www.focolare.org\/fr\/wp-json\/wp\/v2\/users\/34"}],"replies":[{"embeddable":true,"href":"https:\/\/www.focolare.org\/fr\/wp-json\/wp\/v2\/comments?post=313450"}],"version-history":[{"count":0,"href":"https:\/\/www.focolare.org\/fr\/wp-json\/wp\/v2\/posts\/313450\/revisions"}],"wp:attachment":[{"href":"https:\/\/www.focolare.org\/fr\/wp-json\/wp\/v2\/media?parent=313450"}],"wp:term":[{"taxonomy":"category","embeddable":true,"href":"https:\/\/www.focolare.org\/fr\/wp-json\/wp\/v2\/categories?post=313450"},{"taxonomy":"post_tag","embeddable":true,"href":"https:\/\/www.focolare.org\/fr\/wp-json\/wp\/v2\/tags?post=313450"}],"curies":[{"name":"wp","href":"https:\/\/api.w.org\/{rel}","templated":true}]}}