{"id":313488,"date":"2018-11-13T01:10:22","date_gmt":"2018-11-13T00:10:22","guid":{"rendered":"https:\/\/www.focolare.org\/avec-les-amerindiens\/"},"modified":"2024-05-15T20:58:06","modified_gmt":"2024-05-15T18:58:06","slug":"avec-les-amerindiens","status":"publish","type":"post","link":"https:\/\/www.focolare.org\/fr\/avec-les-amerindiens\/","title":{"rendered":"Avec les Am\u00e9rindiens"},"content":{"rendered":"<p><img alt=\"\" alt=\"\" loading=\"lazy\" decoding=\"async\" class=\"wp-image-173352 alignleft\" src=\"https:\/\/www.focolare.org\/wp-content\/uploads\/2018\/11\/Whati_Canada_03.jpg\" alt=\"\" width=\"360\" height=\"270\" \/>Un lac tellement limpide et dont le fond est si visible qu\u2019on pourrait en boire l\u2019eau dans le creux de la main, directement depuis la barque. Un monde apparemment parfait. Et pourtant, \u00e7a et l\u00e0, on trouve quelques bouteilles en plastique sur la rive, retenues par des branchages. Un vrai coup de poing dans l\u2019\u0153il au milieu de ce paysage extraordinairement beau.<strong> Le r\u00e9cit d\u2019Alek<\/strong>, l\u2019un des quatre protagonistes de l\u2019exp\u00e9rience\u00a0 du<strong> \u201cfocolare temporaire\u201d v\u00e9cue \u00e0 What\u00ec<\/strong>, au <a href=\"https:\/\/www.focolare.org\/fr\/les-focolari-dans-le-monde\/america-nord-e-centrale\/canada\/\">Canada<\/a>, du 19 juillet au 20 ao\u00fbt dernier, ne manque pas de pittoresque. <strong>\u201cNous sommes en train de parler du grand nord, presque au cercle polaire arctique. Et d\u2019une petite ville de 800 habitants<\/strong>. Mais ils semblaient moins, parce que depuis peu s\u2019\u00e9tait conclue la rencontre du <strong>peuple Tlicho (Tlicho dans la langue originale)<\/strong>, et de ce fait nombre de ses habitants \u00e9tait parti en vacances. <strong>Les Tlicho appartiennent aux Am\u00e9rindiens (les \u201cFirst Nations\u201d comme on les appelle au Canada) r\u00e9pandus dans toute l\u2019Am\u00e9rique d Nord. <\/strong>Ils font partie des Dene, <strong>\u201cAssociation des Indiens des Territoires du Nord-ouest\u201d,<\/strong> et ils habitent un territoire appel\u00e9 Tlicho Land, compos\u00e9 de <strong>quatre petites villes regroupant un total d\u2019environ 2000 habitants. <\/strong>  <strong><img alt=\"\" alt=\"\" loading=\"lazy\" decoding=\"async\" class=\"alignright wp-image-173358\" src=\"https:\/\/www.focolare.org\/wp-content\/uploads\/2018\/11\/Whati_Canada_02b.jpg\" alt=\"\" width=\"360\" height=\"230\" \/>Parmi elles What\u00ec (Wha Ti dans la langue originale)<\/strong> situ\u00e9e au bord du magnifique lac La Martre, long de 70 km au point de sa plus large extension\u201d. Avec un groupe de jeunes,<strong> Alek et fr\u00e8re Alain ont organis\u00e9 le nettoyage d\u2019une partie de son rivage:<\/strong> \u201cUne action significative. Nous avons appris par la suite qu\u2019un habitant du lieu a sensibilis\u00e9 le responsable du village afin que cette op\u00e9ration \u00a0devienne r\u00e9guli\u00e8re tout au long de l\u2019ann\u00e9e\u201d. Ceci aussi a \u00e9t\u00e9 le fruit de l\u2019exp\u00e9rience du \u201cfocolare temporaire\u201d \u00e0 What\u00ec.<strong> L\u2019\u00e9quipe, en plus d\u2019Alek (italien sur le point de partir \u00e0 Birmingham, Alabama) et du Fr\u00e8re Alain, pr\u00eatre \u00e0 Montr\u00e9al, \u00e9tait compos\u00e9e aussi de\u00a0 Lioba, cor\u00e9enne (focolare de Vancouver) et de Ljubica (Focolare de Toronto)<\/strong>. Motif du voyage: la demande de l\u2019\u00e9v\u00eaque de Yellowknife, chef-lieu des Territoires du Nord-ouest, d\u00e9sireux de faire venir sur place quelques personnes de la communaut\u00e9 des Focolari pour offrir aux habitants, au moins un mois par an, la possibilit\u00e9 <strong>d\u2019une proximit\u00e9 spirituelle et d&rsquo;une formation \u00e0 la vie \u00e9vang\u00e9lique<\/strong>. En m\u00eame temps <strong>une autre \u00e9quipe\u00a0 s\u2019est rendue au village de Fort R\u00e9solution pour une exp\u00e9rience analogue.<\/strong>  <strong><a href=\"https:\/\/www.focolare.org\/wp-content\/uploads\/2018\/11\/Whati_Canada_01.png\"><img alt=\"\" alt=\"\" loading=\"lazy\" decoding=\"async\" class=\"wp-image-173350 alignleft\" src=\"https:\/\/www.focolare.org\/wp-content\/uploads\/2018\/11\/Whati_Canada_01.png\" alt=\"\" width=\"360\" height=\"179\" \/><\/a><\/strong>\u201cAu cours des premiers jours nous avons \u00e9t\u00e9 \u00e0 Yelloknife, chacun en provenance de nos villes respectives et apr\u00e8s des voyages assez mouvement\u00e9s \u00e0 cause du mauvais temps. Notre \u00e9quipe a pris le temps de se conna\u00eetre et de recevoir la b\u00e9n\u00e9diction de l\u2019\u00e9v\u00eaque. Arriv\u00e9s ensemble \u00e0 What\u00ec, nous y avons s\u00e9journ\u00e9 quatre semaines pour renouveler les contacts d\u00e9j\u00e0 construits l\u2019ann\u00e9e pr\u00e9c\u00e9dente \u00e0 l\u2019occasion d\u2019une exp\u00e9rience du m\u00eame genre, pour <strong>conna\u00eetre les autorit\u00e9s locales et nous engager dans quelques initiatives du gouvernement de la tribu<\/strong>. La deuxi\u00e8me semaine nous avons <strong>organis\u00e9 un \u201cCamp biblique\u201d pour les enfants<\/strong> et la troisi\u00e8me, \u00e0 la demande\u00a0 des responsables du village, nous avons \u00e9t\u00e9\u00a0<strong> rendre visite \u00e0 quelques personnes \u00e2g\u00e9es<\/strong>. La pri\u00e8re partag\u00e9e avec elles\u00a0 demeure pour nous une exp\u00e9rience tr\u00e8s marquante: nous avions le sentiment<strong> d\u2019une communication qui allait au-del\u00e0 de la difficult\u00e9 de compr\u00e9hension de la langue.\u201d<\/strong>  <strong><img alt=\"\" alt=\"\" loading=\"lazy\" decoding=\"async\" class=\"alignright wp-image-173502\" src=\"https:\/\/www.focolare.org\/wp-content\/uploads\/2018\/11\/Whati_Canada_05.jpg\" alt=\"\" width=\"368\" height=\"276\" \/>La population locale vit difficilement le passage de la tradition \u00e0 la modernit\u00e9<\/strong>. \u201dEn une g\u00e9n\u00e9ration &#8211; explique Alek \u2013 elle s\u2019est trouv\u00e9e priv\u00e9e des racines qui avaient constitu\u00e9 son identit\u00e9 la plus profonde, probablement pendant des milliers d\u2019ann\u00e9es. <strong>Les personnes de ma g\u00e9n\u00e9ration sont n\u00e9es et ont v\u00e9cu dans le \u201cteepee\u201d<\/strong> ( la tente traditionnelle, b\u00e2tie sur un nombre variable de poteaux \u00a0selon sa grandeur, couverte de peaux qui laissent une ouverture en haut afin de permettre l\u2019\u00e9vacuation de la fum\u00e9e) et parlent le Tlicho. <strong>Leurs petits-enfants ne connaissent plus la langue traditionnelle, utilisent le t\u00e9l\u00e9phone portable, sont attir\u00e9s par la soci\u00e9t\u00e9 de consommation<\/strong> avec toutes ses cons\u00e9quences, y compris\u00a0 l\u2019alcool et la drogue.<strong>Toutefois la communaut\u00e9 est anim\u00e9e d\u2019une foi simple et profonde<\/strong>, fond\u00e9e sur la lecture de la Bible et sur la religiosit\u00e9 naturelle du peuple qui est encore sensible aux r\u00e9alit\u00e9s spirituelles. Ce fut pour moi l\u2019occasion de recueillir dans un face \u00e0 face, quelques unes de ces histoires.<strong> Je me suis senti\u00a0 \u201c\u00e0 ma place\u201d au milieu d\u2019eux, peut-\u00eatre comme jamais auparavant<\/strong>, en \u00e9tant moi aussi l&rsquo;expression d\u2019une caresse de Dieu\u201d.  <em>Chiara Favotti<\/em><\/p>\n","protected":false},"excerpt":{"rendered":"<p>Pendant un mois, invit\u00e9s par l\u2019\u00e9v\u00eaque de Yellowknife, quatre membres de diverses communaut\u00e9s des \u00c9tats-Unis et du Canada, parmi lesquels un pr\u00eatre, ont v\u00e9cu l\u2019exp\u00e9rience d\u2019un \u201cfocolare temporaire\u201d, aupr\u00e8s des Tlicho de What\u00ec, dans les Territoires du Nord-Ouest, au Canada.<\/p>\n","protected":false},"author":34,"featured_media":0,"comment_status":"open","ping_status":"open","sticky":false,"template":"","format":"standard","meta":{"give_campaign_id":0,"_seopress_robots_primary_cat":"","_seopress_titles_title":"","_seopress_titles_desc":"","_seopress_robots_index":"","_et_pb_use_builder":"","_et_pb_old_content":"","_et_gb_content_width":"","footnotes":""},"categories":[906],"tags":[],"class_list":["post-313488","post","type-post","status-publish","format-standard","hentry","category-focolare-worldwide-2-3"],"_links":{"self":[{"href":"https:\/\/www.focolare.org\/fr\/wp-json\/wp\/v2\/posts\/313488","targetHints":{"allow":["GET"]}}],"collection":[{"href":"https:\/\/www.focolare.org\/fr\/wp-json\/wp\/v2\/posts"}],"about":[{"href":"https:\/\/www.focolare.org\/fr\/wp-json\/wp\/v2\/types\/post"}],"author":[{"embeddable":true,"href":"https:\/\/www.focolare.org\/fr\/wp-json\/wp\/v2\/users\/34"}],"replies":[{"embeddable":true,"href":"https:\/\/www.focolare.org\/fr\/wp-json\/wp\/v2\/comments?post=313488"}],"version-history":[{"count":0,"href":"https:\/\/www.focolare.org\/fr\/wp-json\/wp\/v2\/posts\/313488\/revisions"}],"wp:attachment":[{"href":"https:\/\/www.focolare.org\/fr\/wp-json\/wp\/v2\/media?parent=313488"}],"wp:term":[{"taxonomy":"category","embeddable":true,"href":"https:\/\/www.focolare.org\/fr\/wp-json\/wp\/v2\/categories?post=313488"},{"taxonomy":"post_tag","embeddable":true,"href":"https:\/\/www.focolare.org\/fr\/wp-json\/wp\/v2\/tags?post=313488"}],"curies":[{"name":"wp","href":"https:\/\/api.w.org\/{rel}","templated":true}]}}