{"id":313524,"date":"2018-11-26T08:34:03","date_gmt":"2018-11-26T07:34:03","guid":{"rendered":"https:\/\/www.focolare.org\/suede-traquer-les-divisions\/"},"modified":"2024-05-15T20:58:13","modified_gmt":"2024-05-15T18:58:13","slug":"suede-traquer-les-divisions","status":"publish","type":"post","link":"https:\/\/www.focolare.org\/fr\/suede-traquer-les-divisions\/","title":{"rendered":"Su\u00e8de, \u201ctraquer\u201d les divisions"},"content":{"rendered":"<p>Du 6 au 10&nbsp;novembre 2018, quarante \u00c9v\u00eaques amis des Focolari, venant de 12 \u00c9glises et des cinq continents, se sont rencontr\u00e9s \u00e0 Sigtuna, en Su\u00e8de. Ils portaient en eux les difficult\u00e9s et les joies de leur vie. Quelle est la signification de ces rencontres&nbsp;? \u00c0 quel r\u00e9sultat sont-ils parvenus&nbsp;? Susan Gately, journaliste irlandaise, nous le raconte.  https:\/\/vimeo.com\/301871963<\/p>\n","protected":false},"excerpt":{"rendered":"<p>Du 6 au 10\u00a0novembre 2018, quarante \u00c9v\u00eaques amis des Focolari, venant de 12 \u00c9glises et des cinq continents, se sont rencontr\u00e9s \u00e0 Sigtuna, en Su\u00e8de. Ils portaient en eux les difficult\u00e9s et les joies de leur vie. Quelle est la signification de ces rencontres\u00a0? \u00c0 quel r\u00e9sultat sont-ils parvenus\u00a0? Susan Gately, journaliste irlandaise, nous le raconte.<\/p>\n","protected":false},"author":34,"featured_media":0,"comment_status":"open","ping_status":"open","sticky":false,"template":"","format":"standard","meta":{"give_campaign_id":0,"_seopress_robots_primary_cat":"","_seopress_titles_title":"","_seopress_titles_desc":"","_seopress_robots_index":"","_et_pb_use_builder":"","_et_pb_old_content":"","_et_gb_content_width":"","footnotes":""},"categories":[47],"tags":[],"class_list":["post-313524","post","type-post","status-publish","format-standard","hentry","category-non-classifiee"],"_links":{"self":[{"href":"https:\/\/www.focolare.org\/fr\/wp-json\/wp\/v2\/posts\/313524","targetHints":{"allow":["GET"]}}],"collection":[{"href":"https:\/\/www.focolare.org\/fr\/wp-json\/wp\/v2\/posts"}],"about":[{"href":"https:\/\/www.focolare.org\/fr\/wp-json\/wp\/v2\/types\/post"}],"author":[{"embeddable":true,"href":"https:\/\/www.focolare.org\/fr\/wp-json\/wp\/v2\/users\/34"}],"replies":[{"embeddable":true,"href":"https:\/\/www.focolare.org\/fr\/wp-json\/wp\/v2\/comments?post=313524"}],"version-history":[{"count":0,"href":"https:\/\/www.focolare.org\/fr\/wp-json\/wp\/v2\/posts\/313524\/revisions"}],"wp:attachment":[{"href":"https:\/\/www.focolare.org\/fr\/wp-json\/wp\/v2\/media?parent=313524"}],"wp:term":[{"taxonomy":"category","embeddable":true,"href":"https:\/\/www.focolare.org\/fr\/wp-json\/wp\/v2\/categories?post=313524"},{"taxonomy":"post_tag","embeddable":true,"href":"https:\/\/www.focolare.org\/fr\/wp-json\/wp\/v2\/tags?post=313524"}],"curies":[{"name":"wp","href":"https:\/\/api.w.org\/{rel}","templated":true}]}}