{"id":313540,"date":"2018-12-06T07:30:49","date_gmt":"2018-12-06T06:30:49","guid":{"rendered":"https:\/\/www.focolare.org\/un-oecumenisme-base-sur-lecoute\/"},"modified":"2024-05-15T20:58:15","modified_gmt":"2024-05-15T18:58:15","slug":"un-oecumenisme-base-sur-lecoute","status":"publish","type":"post","link":"https:\/\/www.focolare.org\/fr\/un-oecumenisme-base-sur-lecoute\/","title":{"rendered":"Un \u0153cum\u00e9nisme bas\u00e9 sur l&rsquo;\u00e9coute"},"content":{"rendered":"<p><em>Une approche du dialogue entre les <\/em><em>\u00c9<\/em><em>glises qui valorise la r\u00e9ciprocit\u00e9. <\/em>  2017 marque le 500\u00e8me anniversaire de la R\u00e9forme. Ce n\u2019est pas seulement un souvenir, mais une \u00e9tape qui a marqu\u00e9 un pas en avant dans le <a href=\"https:\/\/www.focolare.org\/fr\/download\/scheda-dialogo-ecumenico\/\">cheminement \u0153cum\u00e9nique<\/a>. Comment proc\u00e9dons-nous maintenant? C&rsquo;est \u00e0 partir de cette question que les 90 participants ont commenc\u00e9 le s\u00e9minaire intitul\u00e9 \u00ab\u00a0Brennpunkt \u00d6kumene\u00a0\u00bb o\u00f9 l&rsquo;accent \u00e9tait mis sur la proposition d&rsquo;un \u00ab\u00a0\u0153cum\u00e9nisme r\u00e9ceptif\u00a0\u00bb au Centre Mariapolis de Zwochau (Allemagne). De quoi s&rsquo;agit-il ? Paul D. Murray, th\u00e9ologien catholique \u00e0 l&rsquo;Universit\u00e9 de Durham (Grande-Bretagne), a formul\u00e9 le principe central comme suit : \u00ab\u00a0Non pas&nbsp;\u2018ce que les autres doivent apprendre de nous\u2019, mais bien \u2018ce que nous pouvons apprendre des autres\u00a0\u00bb. Un \u0153cum\u00e9nisme donc d&rsquo;\u00e9coute et de r\u00e9ciprocit\u00e9.  <img alt=\"\" alt=\"\" loading=\"lazy\" decoding=\"async\" class=\"wp-image-182239 alignleft\" src=\"https:\/\/www.focolare.org\/wp-content\/uploads\/2021\/12\/\u00f6k-2.jpg\" alt=\"\" width=\"447\" height=\"252\">Le <strong>Dr Callan Slipper<\/strong>, th\u00e9ologien anglican de Londres, a expliqu\u00e9 que cette approche permet d&rsquo;apprendre les uns des autres, sans cacher les blessures, tout en sachant qu&rsquo;on peut les gu\u00e9rir avec l&rsquo;aide des autres.&nbsp;  Avec <strong>Peter Dettwiler, th\u00e9ologien<\/strong> r\u00e9form\u00e9 suisse, il a permis aux auditeurs de p\u00e9n\u00e9trer dans la \u00ab\u00a0vie int\u00e9rieure\u00a0\u00bb des \u00c9glises respectives, dans un dialogue qui ne cache pas les erreurs et les blessures.  Avec <strong>la pasteure Seehafer<\/strong> de la communaut\u00e9 de l&rsquo;\u00c9glise \u00e9vang\u00e9lique libre et <strong>le pr\u00eatre catholique Marcellus Klaus,<\/strong> ils ont organis\u00e9 une table ronde et offert aux participants l&rsquo;occasion de mettre imm\u00e9diatement en pratique \u00ab\u00a0l\u2019\u0153cum\u00e9nisme r\u00e9ceptif\u00a0\u00bb.  En conclusion de la journ\u00e9e, \u00e0 l&rsquo;\u00c9glise de la M\u00e9moire de Berlin, ils ont r\u00e9fl\u00e9chi sur un extrait du<a href=\"http:\/\/www.centrochiaralubich.org\/fr\/documents-fr\/textes\/155-scritto-fr\/2187-vivre-de-l-amour-tremplins-oecumeniques.html\" target=\"_blank\" rel=\"noopener\"> discours de Chiara Lubich<\/a> qui offre la racine de la r\u00e9ciprocit\u00e9 propos\u00e9e par \u00ab\u00a0l&rsquo;\u0153cum\u00e9nisme r\u00e9ceptif\u00a0\u00bb: \u00ab\u00a0J\u00e9sus, avant d&rsquo;\u00eatre mis en croix, avant de souffrir l&rsquo;abandon du P\u00e8re, dans une longue pri\u00e8re pour l&rsquo;unit\u00e9, lui avait demand\u00e9 &lsquo;que tous soient un&rsquo;. (Jn. 17, 21). Et l&rsquo;unit\u00e9 v\u00e9cue a un effet qui est aussi, pour ainsi dire, un point fort pour un \u0153cum\u00e9nisme vivant. Il s&rsquo;agit de la pr\u00e9sence de J\u00e9sus parmi plusieurs personnes, dans la communaut\u00e9 : &lsquo;L\u00e0 o\u00f9 deux ou trois \u2013 a dit J\u00e9sus \u2013 se trouvent r\u00e9unis en mon nom, je suis au milieu d&rsquo;eux&rsquo; (Mt. 18, 20).&nbsp; Mais pourquoi, dans cette \u00e9glise merveilleuse, ne d\u00e9cidons-nous pas, nous chr\u00e9tiens, de nous unir d&rsquo;une telle mani\u00e8re dans ces id\u00e9es afin de r\u00e9aliser ce fait : peut-\u00eatre sommes-nous entr\u00e9s d\u2019\u00c9glises diff\u00e9rentes et en ressortons comme un seul peuple chr\u00e9tien, pr\u00eats \u00e0 mourir les uns pour les autres?\u00a0\u00bb.&nbsp;<\/p>\n","protected":false},"excerpt":{"rendered":"<p>Une approche du dialogue entre les \u00c9glises qui valorise la r\u00e9ciprocit\u00e9.<\/p>\n","protected":false},"author":27,"featured_media":0,"comment_status":"open","ping_status":"open","sticky":false,"template":"","format":"standard","meta":{"give_campaign_id":0,"_seopress_robots_primary_cat":"","_seopress_titles_title":"","_seopress_titles_desc":"","_seopress_robots_index":"","_et_pb_use_builder":"","_et_pb_old_content":"","_et_gb_content_width":"","footnotes":""},"categories":[47],"tags":[],"class_list":["post-313540","post","type-post","status-publish","format-standard","hentry","category-non-classifiee"],"_links":{"self":[{"href":"https:\/\/www.focolare.org\/fr\/wp-json\/wp\/v2\/posts\/313540","targetHints":{"allow":["GET"]}}],"collection":[{"href":"https:\/\/www.focolare.org\/fr\/wp-json\/wp\/v2\/posts"}],"about":[{"href":"https:\/\/www.focolare.org\/fr\/wp-json\/wp\/v2\/types\/post"}],"author":[{"embeddable":true,"href":"https:\/\/www.focolare.org\/fr\/wp-json\/wp\/v2\/users\/27"}],"replies":[{"embeddable":true,"href":"https:\/\/www.focolare.org\/fr\/wp-json\/wp\/v2\/comments?post=313540"}],"version-history":[{"count":0,"href":"https:\/\/www.focolare.org\/fr\/wp-json\/wp\/v2\/posts\/313540\/revisions"}],"wp:attachment":[{"href":"https:\/\/www.focolare.org\/fr\/wp-json\/wp\/v2\/media?parent=313540"}],"wp:term":[{"taxonomy":"category","embeddable":true,"href":"https:\/\/www.focolare.org\/fr\/wp-json\/wp\/v2\/categories?post=313540"},{"taxonomy":"post_tag","embeddable":true,"href":"https:\/\/www.focolare.org\/fr\/wp-json\/wp\/v2\/tags?post=313540"}],"curies":[{"name":"wp","href":"https:\/\/api.w.org\/{rel}","templated":true}]}}