{"id":313550,"date":"2018-12-12T22:01:55","date_gmt":"2018-12-12T21:01:55","guid":{"rendered":"https:\/\/www.focolare.org\/les-martyrs-dalgerie-sont-restes-fideles-au-peuple-jusquau-bout\/"},"modified":"2024-05-15T20:58:17","modified_gmt":"2024-05-15T18:58:17","slug":"les-martyrs-dalgerie-sont-restes-fideles-au-peuple-jusquau-bout","status":"publish","type":"post","link":"https:\/\/www.focolare.org\/fr\/les-martyrs-dalgerie-sont-restes-fideles-au-peuple-jusquau-bout\/","title":{"rendered":"Les martyrs d&rsquo;Alg\u00e9rie sont rest\u00e9s fid\u00e8les au peuple jusqu&rsquo;au bout"},"content":{"rendered":"<p><em>Quel est le message le plus important de la b\u00e9atification ? La fid\u00e9lit\u00e9 de ces chr\u00e9tiens \u00e0 \u00ab&nbsp;leur&nbsp;\u00bb peuple jusqu&rsquo;au bout.<\/em><\/p>\n<p><strong>\u00ab&nbsp;Qu&rsquo;est-ce que ces 19 martyrs chr\u00e9tiens nous apprennent \u00e0 nous, Alg\u00e9riens, aujourd&rsquo;hui ?<\/strong> A donner la vie pour l&rsquo;autre sans distinction de race ou de religion. \u00c9trangers, ils ont sacrifi\u00e9 leur vie pour nous, pour tout le peuple alg\u00e9rien, chr\u00e9tiens et musulmans. Ils sont morts aussi pour ceux qui leur faisaient la guerre, C\u2019est pourquoi, nous ne nous sommes pas pos\u00e9s beaucoup de questions, nous nous sommes imm\u00e9diatement rendus disponibles et nous avons travaill\u00e9 ensemble \u00e0 la b\u00e9atification.&nbsp;\u00bb &#8211; C&rsquo;est ainsi que r\u00e9pond Karima Kerzabi, musulmane, de la communaut\u00e9 des Focolari en Alg\u00e9rie, que nous avons appel\u00e9e au t\u00e9l\u00e9phone avec Giorgio Triulzi, focolarino de la premi\u00e8re heure, au focolare de Tlemcen depuis 1983, pour lui demander de nous raconter de l&rsquo;int\u00e9rieur la b\u00e9atification des martyrs chr\u00e9tiens \u00e0 Oran le 8 d\u00e9cembre dernier. <\/p>\n<p>Une b\u00e9atification unique en son genre, parce que la reconnaissance maximale de l&rsquo;\u00c9glise Catholique \u00e0 ses enfants a lieu dans un pays, l&rsquo;Alg\u00e9rie, \u00e0 99% musulman. Un pays qui, de 1991 \u00e0 2001, la \u00ab&nbsp;d\u00e9cennie noire&nbsp;\u00bb, a connu la mort et la destruction par le fondamentalisme islamique. \u00ab&nbsp;Aujourd&rsquo;hui, l&rsquo;h\u00e9ro\u00efsme de la vie de ces chr\u00e9tiens est reconnu &#8211; explique Giorgio &#8211; mais il est important de dire qu&rsquo;en plus d&rsquo;eux, il y avait aussi des milliers de victimes musulmanes parmi la population civile : des imams, des intellectuels, des artistes, des journalistes, des m\u00e9decins, des avocats, des juges, des enseignants, mais aussi des femmes et des enfants. Je crois que le message le plus important que cette b\u00e9atification en terre d&rsquo;Islam donne au monde est que ces martyrs sont rest\u00e9s fid\u00e8les \u00e0 \u00ab&nbsp;leur&nbsp;\u00bb peuple jusqu&rsquo;\u00e0 la fin.&nbsp;&nbsp;<\/p>\n<div id=\"attachment_182890\" style=\"width: 210px\" class=\"wp-caption alignleft\"><img alt=\"\" alt=\"\" loading=\"lazy\" decoding=\"async\" aria-describedby=\"caption-attachment-182890\" class=\"wp-image-182890\" src=\"https:\/\/www.focolare.org\/wp-content\/uploads\/2020\/12\/a-21-Christian-De-Cherge\u0301-a\u0300-Tlemcen-1989-cut-90x96.jpg\" alt=\"\" width=\"200\" height=\"214\"><p id=\"caption-attachment-182890\" class=\"wp-caption-text\">Fr\u00e8re Christian De Cherg\u00e9 (\u00e0 gauche) en 1989 \u00e0 Tlemcen avec Mgr C. Rouault et Giorgio Triulzi<\/p><\/div>\n<p><strong>George se souvient des nombreuses rencontres avec quelques moines de Thibirine<\/strong> qui, samedi dernier, ont \u00e9t\u00e9 \u00e9lev\u00e9s aux honneurs des autels, et en particulier avec leur prieur, <strong>Fr\u00e8re Christian De Cherg\u00e9<\/strong>. \u00ab&nbsp;J&rsquo;ai rencontr\u00e9 Christian parce qu&rsquo;il s\u2019est souvent arr\u00eat\u00e9 chez nous, \u00e0 Tlemcen, lors de ses voyages au Maroc. La relation \u00e9tait simple, de personnes qui ont donn\u00e9 leur vie \u00e0 Dieu et se reconnaissent fr\u00e8res pour cela. C&rsquo;\u00e9tait un homme de Dieu sans aucun doute, comme le confirme ce qui est \u00e9crit dans son testament spirituel : \u00ab&nbsp;Si un jour &#8211; et cela pourrait \u00eatre aujourd&rsquo;hui \u2013 j\u2019\u00e9tais victime du terrorisme, qui semble vouloir impliquer d\u00e9sormais tous les \u00e9trangers vivant en Alg\u00e9rie, je voudrais que ma communaut\u00e9, mon \u00c9glise, ma famille, se souviennent que ma vie \u00e9tait \u2018donn\u00e9e\u2019 \u00e0 Dieu et \u00e0 ce pays&nbsp;\u00bb.<\/p>\n<p>\u00ab&nbsp;Christian et les autres &#8211; ajoute Giorgio &#8211; sont des saints pour le choix qu&rsquo;ils ont fait de rester parmi ceux qui \u00e9tait d\u00e9sormais \u2018leur\u2019 peuple : Dieu nous place en un seul lieu et nous Lui restons fid\u00e8les. Je dois dire que la b\u00e9atification confirme aussi le choix de vie et de foi des nombreuses personnes qui sont rest\u00e9es pendant cette d\u00e9cennie, c&rsquo;est l&rsquo;\u00c9glise en Alg\u00e9rie qui doit \u00eatre b\u00e9atifi\u00e9e, pr\u00e9cis\u00e9ment par son choix de rester fid\u00e8le \u00e0 ce peuple. <\/p>\n<p>\u00ab&nbsp;Que me reste-t-il de cette exp\u00e9rience ? &#8211; conclut Karima &#8211; Que nous pouvons donner notre vie pour tous nos fr\u00e8res et s\u0153urs et c&rsquo;est une chose merveilleuse. C&rsquo;est avec le temps que nous comprendrons la valeur du don de ces vies&nbsp;\u00bb.<\/p>\n<p style=\"text-align: right;\"><em>Stefania Tanesini<\/em><\/p>\n","protected":false},"excerpt":{"rendered":"<p>Quel est le message le plus important de la b\u00e9atification ? La fid\u00e9lit\u00e9 de ces chr\u00e9tiens \u00e0 \u00ab\u00a0leur\u00a0\u00bb peuple jusqu&rsquo;au bout.<\/p>\n","protected":false},"author":24,"featured_media":0,"comment_status":"open","ping_status":"open","sticky":false,"template":"","format":"standard","meta":{"give_campaign_id":0,"_seopress_robots_primary_cat":"","_seopress_titles_title":"","_seopress_titles_desc":"","_seopress_robots_index":"","_et_pb_use_builder":"","_et_pb_old_content":"","_et_gb_content_width":"","footnotes":""},"categories":[47],"tags":[],"class_list":["post-313550","post","type-post","status-publish","format-standard","hentry","category-non-classifiee"],"_links":{"self":[{"href":"https:\/\/www.focolare.org\/fr\/wp-json\/wp\/v2\/posts\/313550","targetHints":{"allow":["GET"]}}],"collection":[{"href":"https:\/\/www.focolare.org\/fr\/wp-json\/wp\/v2\/posts"}],"about":[{"href":"https:\/\/www.focolare.org\/fr\/wp-json\/wp\/v2\/types\/post"}],"author":[{"embeddable":true,"href":"https:\/\/www.focolare.org\/fr\/wp-json\/wp\/v2\/users\/24"}],"replies":[{"embeddable":true,"href":"https:\/\/www.focolare.org\/fr\/wp-json\/wp\/v2\/comments?post=313550"}],"version-history":[{"count":0,"href":"https:\/\/www.focolare.org\/fr\/wp-json\/wp\/v2\/posts\/313550\/revisions"}],"wp:attachment":[{"href":"https:\/\/www.focolare.org\/fr\/wp-json\/wp\/v2\/media?parent=313550"}],"wp:term":[{"taxonomy":"category","embeddable":true,"href":"https:\/\/www.focolare.org\/fr\/wp-json\/wp\/v2\/categories?post=313550"},{"taxonomy":"post_tag","embeddable":true,"href":"https:\/\/www.focolare.org\/fr\/wp-json\/wp\/v2\/tags?post=313550"}],"curies":[{"name":"wp","href":"https:\/\/api.w.org\/{rel}","templated":true}]}}