{"id":313592,"date":"2019-01-08T22:15:49","date_gmt":"2019-01-08T21:15:49","guid":{"rendered":"https:\/\/www.focolare.org\/co-gouvernance-la-co-responsabilite-dans-les-villes-aujourdhui\/"},"modified":"2024-05-15T20:58:24","modified_gmt":"2024-05-15T18:58:24","slug":"co-gouvernance-la-co-responsabilite-dans-les-villes-aujourdhui","status":"publish","type":"post","link":"https:\/\/www.focolare.org\/fr\/co-gouvernance-la-co-responsabilite-dans-les-villes-aujourdhui\/","title":{"rendered":"Co-gouvernance: la co-responsabilit\u00e9 dans les villes aujourd&rsquo;hui"},"content":{"rendered":"<p><em>Du 17 au 20 janvier 2019, 400 administrateurs, citoyens, \u00e9conomistes, experts et professionnels du monde entier se r\u00e9uniront \u00e0 Castel Gandolfo (Rome) : quatre jours de discussion et d&rsquo;\u00e9tude approfondie sur la gestion urbaine, la mise en r\u00e9seau et les mod\u00e8les d&rsquo;apprentissage de la durabilit\u00e9 et du vivre ensemble.<\/em>  Des penseurs et des protagonistes du travail en milieu urbain interviendront et conduiront une r\u00e9flexion sur leur signification dans cette \u00e8re \u00a0\u00bb post-d\u00e9mocratique \u00ab\u00a0. Parmi les eux <strong>Emilce Cuda<\/strong>, argentine, politologue qui conna\u00eet bien la pens\u00e9e du pape Fran\u00e7ois ou <strong>Sunggon Kim<\/strong> (\uae40\uc131\uace4) &#8211; bouddhiste, ancien Secr\u00e9taire G\u00e9n\u00e9ral de l&rsquo;Assembl\u00e9e nationale de Cor\u00e9e. L&rsquo;architecte colombienne <strong>Ximena Samper<\/strong>, le libanais <strong>Ghassan Mukheiber,<\/strong> Pr\u00e9sident de l\u2019Organisation des Parlementaires de la R\u00e9gion Arabe contre la Corruption seront pr\u00e9sents ainsi que\u00a0 le <strong>maire de Katowice<\/strong> (Pologne), o\u00f9 la COP 24 vient de s&rsquo;achever, <strong>Angel Miret<\/strong> responsable de l&rsquo;accueil des r\u00e9fugi\u00e9s en Catalogne et le pr\u00e9sident de la Communaut\u00e9 islamique de Florence et de Toscane, <strong>Izzedin Elzir<\/strong>.  Si l\u2019art de gouverner les villes a toujours \u00e9t\u00e9 complexe, c\u2019est encore plus le cas aujourd&rsquo;hui. Nous devons r\u00e9pondre \u00e0 une soci\u00e9t\u00e9 en constante \u00e9volution, avec des probl\u00e8mes locaux et mondiaux et un rythme irr\u00e9gulier de d\u00e9veloppement technologique qui risque de provoquer des catastrophes\u00a0 \u00e9conomiques et de faire surgir de nouvelles zones de pauvret\u00e9. Nous devons d\u00e9cider pour aujourd&rsquo;hui et programmer sur une longue dur\u00e9e. C&rsquo;est pourquoi les villes sont strat\u00e9giques d&rsquo;un point de vue politique et culturel parce qu&rsquo;elles sont le \u00a0\u00bb foyer \u00a0\u00bb o\u00f9 vit plus de la moiti\u00e9 de la population mondiale <em>(source ONU)<\/em>, un choix qui n\u2019est pas libre, mais souvent li\u00e9 au manque de nourriture et de travail.  A notre \u00e9poque marqu\u00e9e par le souverainisme, les villes \u00e9mergent comme de v\u00e9ritables carrefours sociaux, distributeurs de connexions infinies : dans le domaine\u00a0 civil, politique, anthropologique, \u00e9conomique et de la communication. Les villes se pr\u00e9sentent donc comme l\u2019expression d&rsquo;un nouveau mod\u00e8le d&rsquo;identit\u00e9 qui ne rime pas avec\u00a0 r\u00e9gionalisme ou nationalisme exacerb\u00e9s, mais avec<strong> volont\u00e9 de participer, sentiment partag\u00e9 d\u2019appartenir \u00e0 une destin\u00e9e commune<\/strong>, parce que nous faisons partie de la famille humaine, avant m\u00eame d\u2019y jouer un r\u00f4le.  Co-Gouvernance est organis\u00e9e par le Mouvement Humanit\u00e9 Nouvelle, le Mouvement Politique pour l\u2019Unit\u00e9 et l\u2019association Ville pour la Fraternit\u00e9. <\/p>\n<p style=\"text-align: right;\"><strong>\u00a0<\/strong><em>Stefania Tanesini<\/em><\/p>\n<p> <strong>Pour plus d&rsquo;informations: <\/strong><a href=\"https:\/\/www.co-governance.org\/\" target=\"_blank\" rel=\"noopener noreferrer\">www.co-governance.org<\/a>  &nbsp;<\/p>\n","protected":false},"excerpt":{"rendered":"<p>Du 17 au 20 janvier 2019, 400 administrateurs, citoyens, \u00e9conomistes, experts et professionnels du monde entier se r\u00e9uniront \u00e0 Castel Gandolfo (Rome) : quatre jours de discussion et d&rsquo;\u00e9tude approfondie sur la gestion urbaine, la mise en r\u00e9seau et les mod\u00e8les d&rsquo;apprentissage de la durabilit\u00e9 et du vivre ensemble.<\/p>\n","protected":false},"author":27,"featured_media":0,"comment_status":"open","ping_status":"open","sticky":false,"template":"","format":"standard","meta":{"give_campaign_id":0,"_seopress_robots_primary_cat":"","_seopress_titles_title":"","_seopress_titles_desc":"","_seopress_robots_index":"","_et_pb_use_builder":"","_et_pb_old_content":"","_et_gb_content_width":"","footnotes":""},"categories":[47],"tags":[],"class_list":["post-313592","post","type-post","status-publish","format-standard","hentry","category-non-classifiee"],"_links":{"self":[{"href":"https:\/\/www.focolare.org\/fr\/wp-json\/wp\/v2\/posts\/313592","targetHints":{"allow":["GET"]}}],"collection":[{"href":"https:\/\/www.focolare.org\/fr\/wp-json\/wp\/v2\/posts"}],"about":[{"href":"https:\/\/www.focolare.org\/fr\/wp-json\/wp\/v2\/types\/post"}],"author":[{"embeddable":true,"href":"https:\/\/www.focolare.org\/fr\/wp-json\/wp\/v2\/users\/27"}],"replies":[{"embeddable":true,"href":"https:\/\/www.focolare.org\/fr\/wp-json\/wp\/v2\/comments?post=313592"}],"version-history":[{"count":0,"href":"https:\/\/www.focolare.org\/fr\/wp-json\/wp\/v2\/posts\/313592\/revisions"}],"wp:attachment":[{"href":"https:\/\/www.focolare.org\/fr\/wp-json\/wp\/v2\/media?parent=313592"}],"wp:term":[{"taxonomy":"category","embeddable":true,"href":"https:\/\/www.focolare.org\/fr\/wp-json\/wp\/v2\/categories?post=313592"},{"taxonomy":"post_tag","embeddable":true,"href":"https:\/\/www.focolare.org\/fr\/wp-json\/wp\/v2\/tags?post=313592"}],"curies":[{"name":"wp","href":"https:\/\/api.w.org\/{rel}","templated":true}]}}