{"id":313658,"date":"2019-02-26T22:01:27","date_gmt":"2019-02-26T21:01:27","guid":{"rendered":"https:\/\/www.focolare.org\/le-bresil-au-dela-de-la-polarisation-politico-ideologique-2\/"},"modified":"2024-05-15T20:58:35","modified_gmt":"2024-05-15T18:58:35","slug":"le-bresil-au-dela-de-la-polarisation-politico-ideologique-2","status":"publish","type":"post","link":"https:\/\/www.focolare.org\/fr\/le-bresil-au-dela-de-la-polarisation-politico-ideologique-2\/","title":{"rendered":"Le Br\u00e9sil au-del\u00e0 de la polarisation politico-id\u00e9ologique\/2"},"content":{"rendered":"<p><em>L&rsquo;image d&rsquo;un pays impr\u00e9gn\u00e9 de conflits politiques et id\u00e9ologiques, largement diffus\u00e9e par les m\u00e9dias br\u00e9siliens en g\u00e9n\u00e9ral, tend \u00e0 masquer la r\u00e9alit\u00e9 de ceux qui agissent pour le bien commun, en abordant les divergences d&rsquo;opinion par le dialogue et des actions concr\u00e8tes de solidarit\u00e9.<\/em>  Bien que le Br\u00e9sil soit marqu\u00e9 par une forte polarisation politico-id\u00e9ologique, il cultive, le plus souvent en silence, les germes d&rsquo;une soci\u00e9t\u00e9 renouvel\u00e9e ouverte au dialogue, \u00e0 la solidarit\u00e9, visant \u00e0 construire des relations fraternelles, dans l&rsquo;espace politique et socioculturel au sens large. Apr\u00e8s avoir rappel\u00e9 les initiatives mises en place par divers organismes, eccl\u00e9siaux et autres, pour promouvoir une r\u00e9flexion politique fond\u00e9e sur le dialogue &#8211; comprise comme une r\u00e9ponse \u00e0 la demande croissante d&rsquo;une nouvelle culture d\u00e9mocratique et participative &#8211; nous voulons maintenant souligner l&rsquo;engagement de beaucoup de personnes dans le domaine de la solidarit\u00e9 et du volontariat.  <strong>Souvent, en fait, l&rsquo;action politique<\/strong> est guid\u00e9e par un geste de solidarit\u00e9 envers ceux qui souffrent. Depuis 2016, lorsque le gouvernement de l&rsquo;\u00c9tat de Rio de Janeiro a commenc\u00e9 \u00e0 retarder le paiement des salaires des fonctionnaires, outre la lutte devant les tribunaux et les nombreux actes politiques de protestation contre cette mesure, un r\u00e9seau de solidarit\u00e9 s&rsquo;est d\u00e9velopp\u00e9 en faveur des travailleurs et de leurs familles qui souffraient le plus de cette situation. Les gestes se sont multipli\u00e9s dans tout l&rsquo;\u00c9tat, tant par les individus que par les communaut\u00e9s. Pour aider les familles dans le besoin, un certain nombre d&rsquo;organisations se sont mobilis\u00e9es pour collecter des ressources et mettre en place des paniers de nourriture de base, acheter des m\u00e9dicaments et satisfaire d&rsquo;autres besoins fondamentaux. L&rsquo;archidioc\u00e8se et d&rsquo;autres dioc\u00e8ses catholiques de Rio de Janeiro, ainsi que d&rsquo;autres Eglises et Unions chr\u00e9tiennes, ont travaill\u00e9 en collaboration avec le Mouvement Unifi\u00e9 des fonctionnaires d&rsquo;\u00c9tat (Muspe).  <img alt=\"\" alt=\"\" loading=\"lazy\" decoding=\"async\" class=\"alignleft wp-image-185402\" src=\"https:\/\/www.focolare.org\/wp-content\/uploads\/2019\/02\/venezuela-8-90x45.jpg\" alt=\"\" width=\"400\" height=\"200\">Une situation similaire a vu une quarantaine d&rsquo;entit\u00e9s br\u00e9siliennes, religieuses et civiles, travailler ensemble pour accueillir des r\u00e9fugi\u00e9s, principalement en provenance du Venezuela. Certaines de ces entit\u00e9s m\u00e8nent des actions d&rsquo;urgence (fourniture de nourriture et de m\u00e9dicaments, soins m\u00e9dicaux et psychologiques), tandis que d&rsquo;autres aident \u00e0 obtenir une r\u00e9sidence au Br\u00e9sil en ayant acc\u00e8s aux documents n\u00e9cessaires, aux cours de portugais, au logement et au travail. Ces entit\u00e9s ont \u00e9t\u00e9 particuli\u00e8rement actives dans la r\u00e9gion frontali\u00e8re entre les deux pays, mais aussi dans d&rsquo;autres r\u00e9gions o\u00f9 des familles de r\u00e9fugi\u00e9s ont \u00e9t\u00e9 envoy\u00e9es afin de leur offrir de meilleures possibilit\u00e9s d&#8217;emploi et de logement.  De telles initiatives refl\u00e8tent le d\u00e9sir de nombreux Br\u00e9siliens de \u00ab tendre la main \u00bb en permanence \u00e0 ceux qui ont le plus besoin d&rsquo;aide. C&rsquo;est peut-\u00eatre cette dynamique qui justifie les donn\u00e9es de l&rsquo;enqu\u00eate \u00ab Autres formes de travail \u00bb, men\u00e9e en 2017 et r\u00e9cemment publi\u00e9e par l&rsquo;Institut br\u00e9silien de g\u00e9ographie et de statistique (IBGE). Selon cette \u00e9tude, 7,4 millions de personnes ont fait du b\u00e9n\u00e9volat cette ann\u00e9e-l\u00e0, soit l&rsquo;\u00e9quivalent de 4,4 % de la population \u00e2g\u00e9e de 14 ans ou plus. Par travail b\u00e9n\u00e9vole, on entend un travail non obligatoire, effectu\u00e9 au moins une heure par semaine, sans r\u00e9mun\u00e9ration ni avantages en retour, par des personnes qui ne vivent pas dans la m\u00eame famille que le volontaire et qui ne sont pas sa famille. Selon l&rsquo;\u00e9tude, le profil des volontaires au Br\u00e9sil d\u00e9crit principalement des femmes qui, avec les activit\u00e9s de volontariat, s\u2019occupent du travail professionnel et domestique.  Un autre exemple, qui vient du mouvement des Focolari, est celui de<a href=\"http:\/\/www.milongaproject.org\/\" target=\"_blank\" rel=\"noopener noreferrer\"> Milonga<\/a>, un programme qui met en relation des organisations non gouvernementales \u00e0 caract\u00e8re social de sept pays avec des jeunes qui veulent int\u00e9grer leur formation humaine au volontariat en donnant de leur temps et de leur travail. En octobre 2018, 75 volontaires du projet ont travaill\u00e9 dans 19 organisations au Br\u00e9sil, en Argentine, en Bolivie, au Mexique, au Mexique, au Paraguay, au Venezuela, en Uruguay, au Kenya et en Jordanie. \u00ab J&rsquo;ai appris que l&rsquo;essence de la vie n&rsquo;est pas d&rsquo;avoir, mais d&rsquo;\u00eatre. Parfois, nous sommes remplis de beaucoup de choses, mais ce qui compte vraiment, ce sont celles qui restent dans l&rsquo;\u00e9ternit\u00e9 du moment pr\u00e9sent \u00bb, a d\u00e9clar\u00e9 Rarison Gomes, 30 ans, originaire de Manaus.&nbsp;  L&rsquo;exp\u00e9rience du volontariat co\u00efncide avec une participation croissante des jeunes br\u00e9siliens qui souhaitent passer de la r\u00e9flexion politique \u00e0 l&rsquo;action. Un exemple significatif est l&rsquo;exp\u00e9rience de la Coletivo Juventude Campo Cidade, n\u00e9e il y a plus de dix ans d&rsquo;une conversation entre amis dans la ville de Po\u00e7o Redondo, dans l&rsquo;\u00c9tat de Sergipe, au nord-est du Br\u00e9sil. Certains de ces jeunes \u00e9taient d\u00e9j\u00e0 actifs dans les mouvements sociaux de l&rsquo;Alto Sert\u00e3o Sergipano, comme on appelle la r\u00e9gion. Motiv\u00e9s par le processus \u00e9lectoral de 2008, ces jeunes ont d\u00e9cid\u00e9 de mettre en place un programme de formation politique pour les jeunes de la r\u00e9gion. Bien que sans ressources et avec peu de soutien, le groupe a organis\u00e9 un cours en 11 \u00e9tapes d&rsquo;une dur\u00e9e d&rsquo;un an et demi.  A l&rsquo;origine du projet, il y avait une prise de conscience claire : il fallait \u00eatre form\u00e9, conna\u00eetre la r\u00e9alit\u00e9, assumer le leadership social dans la r\u00e9gion. \u00ab Il y avait le sentiment de vouloir transformer la soci\u00e9t\u00e9 et cela a m\u00fbri \u00e0 chaque phase du cours \u00bb, dit Dami\u00e3o Rodrigues Souza, l&rsquo;un des cr\u00e9ateurs de l&rsquo;initiative. A la fin du premier cours, les jeunes ont conclu que l&rsquo;exp\u00e9rience commenc\u00e9e l\u00e0-bas devait \u00eatre poursuivie sur la base de trois piliers : formation, organisation et lutte. Le dernier de ces piliers s&rsquo;est concr\u00e9tis\u00e9 dans une s\u00e9rie d&rsquo;initiatives qui ont produit des r\u00e9sultats efficaces : l&rsquo;installation d&rsquo;un campus d&rsquo;une universit\u00e9 publique f\u00e9d\u00e9rale dans la r\u00e9gion ; la construction d&rsquo;un th\u00e9\u00e2tre populaire d&rsquo;une capacit\u00e9 de 200 personnes dans la ville de Po\u00e7o Redondo (construit par les m\u00eames jeunes) ; l&rsquo;octroi par le gouvernement f\u00e9d\u00e9ral d&rsquo;un terrain, jusque-l\u00e0 inutilisable, destin\u00e9 \u00e0 la culture des produits biologiques par des jeunes.  Bien qu&rsquo;isol\u00e9s et dispers\u00e9s le long des plus de huit millions de kilom\u00e8tres carr\u00e9s du Br\u00e9sil, ces exemples, et bien d&rsquo;autres encore, de dialogue et de participation politiques, ainsi que d&rsquo;actions concr\u00e8tes pour construire une soci\u00e9t\u00e9 juste et fraternelle, t\u00e9moignent d&rsquo;une image beaucoup plus saine que celle de la simple polarisation politique dans laquelle s&rsquo;inscrit une grande partie de la soci\u00e9t\u00e9 br\u00e9silienne. Pour les acteurs de ces actions, l&rsquo;espoir r\u00e9side dans la conviction que les exemples et les fruits concrets sont capables de capter les \u00ab disciples \u00bb et de renforcer ce r\u00f4le, fondamental pour unir les peuples pour le bien commun et au-del\u00e0 des diff\u00e9rences politiques et id\u00e9ologiques. <\/p>\n<p style=\"text-align: right;\"><em>Lu\u00eds Henrique Marques<\/em><\/p>\n","protected":false},"excerpt":{"rendered":"<p>L&rsquo;image d&rsquo;un pays impr\u00e9gn\u00e9 de conflits politiques et id\u00e9ologiques, largement diffus\u00e9e par les m\u00e9dias br\u00e9siliens en g\u00e9n\u00e9ral, tend \u00e0 masquer la r\u00e9alit\u00e9 de ceux qui agissent pour le bien commun, en abordant les divergences d&rsquo;opinion par le dialogue et des actions concr\u00e8tes de solidarit\u00e9.<\/p>\n","protected":false},"author":24,"featured_media":0,"comment_status":"open","ping_status":"open","sticky":false,"template":"","format":"standard","meta":{"give_campaign_id":0,"_seopress_robots_primary_cat":"","_seopress_titles_title":"","_seopress_titles_desc":"","_seopress_robots_index":"","_et_pb_use_builder":"","_et_pb_old_content":"","_et_gb_content_width":"","footnotes":""},"categories":[47],"tags":[],"class_list":["post-313658","post","type-post","status-publish","format-standard","hentry","category-non-classifiee"],"_links":{"self":[{"href":"https:\/\/www.focolare.org\/fr\/wp-json\/wp\/v2\/posts\/313658","targetHints":{"allow":["GET"]}}],"collection":[{"href":"https:\/\/www.focolare.org\/fr\/wp-json\/wp\/v2\/posts"}],"about":[{"href":"https:\/\/www.focolare.org\/fr\/wp-json\/wp\/v2\/types\/post"}],"author":[{"embeddable":true,"href":"https:\/\/www.focolare.org\/fr\/wp-json\/wp\/v2\/users\/24"}],"replies":[{"embeddable":true,"href":"https:\/\/www.focolare.org\/fr\/wp-json\/wp\/v2\/comments?post=313658"}],"version-history":[{"count":0,"href":"https:\/\/www.focolare.org\/fr\/wp-json\/wp\/v2\/posts\/313658\/revisions"}],"wp:attachment":[{"href":"https:\/\/www.focolare.org\/fr\/wp-json\/wp\/v2\/media?parent=313658"}],"wp:term":[{"taxonomy":"category","embeddable":true,"href":"https:\/\/www.focolare.org\/fr\/wp-json\/wp\/v2\/categories?post=313658"},{"taxonomy":"post_tag","embeddable":true,"href":"https:\/\/www.focolare.org\/fr\/wp-json\/wp\/v2\/tags?post=313658"}],"curies":[{"name":"wp","href":"https:\/\/api.w.org\/{rel}","templated":true}]}}