{"id":313704,"date":"2019-03-31T20:01:20","date_gmt":"2019-03-31T18:01:20","guid":{"rendered":"https:\/\/www.focolare.org\/le-pape-francois-au-maroc\/"},"modified":"2024-05-15T20:58:44","modified_gmt":"2024-05-15T18:58:44","slug":"le-pape-francois-au-maroc","status":"publish","type":"post","link":"https:\/\/www.focolare.org\/fr\/le-pape-francois-au-maroc\/","title":{"rendered":"Le Pape Fran\u00e7ois au Maroc"},"content":{"rendered":"<p><em>\u2018\u2019A Dieu, il importe que nous soyons hommes et que nous vivions l\u2019amour r\u00e9ciproque\u2019\u2019. Interview \u00e0 Claude Gamble, pionnier des Focolari au Maroc.<\/em>  Apr\u00e8s le voyage apostolique dans les \u00c9mirats Arabes, le voyage du Pape au Maroc a \u00e9t\u00e9 une autre importante occasion, comme lui-m\u00eame l\u2019avait dit, \u2018\u2019afin de d\u00e9velopper ult\u00e9rieurement le dialogue interreligieux et la connaissance r\u00e9ciproque entre les fid\u00e8les des deux religions\u2019\u2019.<strong> Claude Gamble<\/strong>, qui a suivi d\u00e8s la naissance, les premi\u00e8res communaut\u00e9s des Focolari dans le pays, nous offre quelques brefs flaches tir\u00e9s de son exp\u00e9rience :  <strong>Quels sont les d\u00e9fis \u00e0 relever pour les chr\u00e9tiens au Maroc ?<\/strong> Le d\u00e9fi \u00e0 relever est celui de construire des ponts. Aujourd\u2019hui, nous sommes dans une phase d\u2019extr\u00e9mismes qui implique tout le monde, chr\u00e9tiens et musulmans. Dans les quartiers pauvres, c\u2019est tr\u00e8s dangereux parce que les gens sont pris par des id\u00e9alismes qui les radicalisent. En allant \u00e0 la messe \u00e0 Tanger, avec un groupe de personnes qui partagent l\u2019esprit des Focolari, il nous est arriv\u00e9 plusieurs fois de voir des pierres lanc\u00e9es pour intimider, mais nous croyons dans la fraternit\u00e9 universelle et c\u2019est cela que nous sommes appel\u00e9s \u00e0 t\u00e9moigner. Peu \u00e0 peu quelqu\u2019un accepte cette amiti\u00e9. En Alg\u00e9rie, o\u00f9 j\u2019ai v\u00e9cu, les exemples de fraternit\u00e9 sont nombreux : chaque fois que j\u2019allais rendre visite \u00e0 une famille, je me sentais \u00e0 la maison. Ils \u00e9taient tous musulmans mais nous \u00e9tions des fr\u00e8res. L\u2019amiti\u00e9 est l\u2019antidote \u00e0 l\u2019extr\u00e9misme. A Dieu, il importe que nous soyons hommes et que nous vivions l\u2019amour r\u00e9ciproque.  <strong><img loading=\"lazy\" decoding=\"async\" class=\"alignleft wp-image-186818\" title=\"DSC 0113\" src=\"https:\/\/www.focolare.org\/wp-content\/uploads\/2019\/04\/DSC_0113-90x60.jpg\" alt=\"DSC 0113\" width=\"350\" height=\"233\" \/>Que pouvons-nous nous attendre de ce voyage \u00e0 la pointe du cheminement pour le dialogue ?<\/strong> Le dialogue n\u2019est pas la recherche pour savoir qui a la v\u00e9rit\u00e9, parce que la v\u00e9rit\u00e9, Dieu seul la poss\u00e8de. Moi je pense que le Pape, en tant que repr\u00e9sentant de l\u2019\u00c9glise catholique, peut montrer comment il vit sa mani\u00e8re d\u2019\u00eatre chr\u00e9tien. Il s\u2019agit donc d\u2019un t\u00e9moignage et cela, on ne peut le refuser. Surtout parce que lui vient dans la paix. La beaut\u00e9 de la mentalit\u00e9 arabe est l\u2019accueil, ils accueilleront donc le Pape comme un fr\u00e8re qui leur est cher. La rencontre entre le Pape et le Roi est une invitation \u00e0 vivre ensemble pour le bien de l\u2019homme. Dans le Mouvement, nous parlons de dialogue mais aussi de \u2018\u2019communion\u2019\u2019. Vivre en communion signifie que je peux parler en tant que chr\u00e9tien et toi en tant que musulman, et nous pouvons vivre ensemble en partageant nos exp\u00e9riences. Ceci peut se faire au niveau des relations personnelles ; non de peuples, car le dialogue est de l\u2019ordre du \u2018\u2019toi \u00e0 moi et de moi \u00e0 toi\u2019\u2019.  <strong>De quelle mani\u00e8re des personnes de fois et de convictions diff\u00e9rentes peuvent-elles se sentir fr\u00e8res?<\/strong> Au niveau humain, il est n\u00e9cessaire de valoriser ce qui est commun. Dans le Coran, toutes les sourates, mise \u00e0 part une, commencent avec la phrase \u2018\u2019Au nom de Dieu, le Mis\u00e9ricordieux\u2019\u2019, et avec la parole mis\u00e9ricorde, un musulman se rapproche fort de ce que nous signifions par la parole amour. Donc avec les musulmans, nous pouvons partager la parole mis\u00e9ricorde, qui vient du terme rahma qui signifie le sein maternel, o\u00f9 il y a le berceau de la vie. Et Dieu, qui est mis\u00e9ricordieux, rappelle l\u2019amour de la maman qui prot\u00e8ge son enfant. La m\u00eame chose vaut pour l\u2019 h\u00e9breu rehem, qui a la m\u00eame racine s\u00e9mantique de rahma, et traduit les \u2018\u2019entrailles\u2019\u2019, ici aussi, de nouveau, le sein maternel. Et donc aussi pour le juif, la mis\u00e9ricorde de Dieu signifie que nous devons avoir un amour de maman pour les autres. Pour les ath\u00e9es, c\u2019est la m\u00eame chose : un ath\u00e9e qui croit dans l\u2019homme, croit dans l\u2019amour maternel pour l\u2019autre.  Il y a 800 ans , Saint Fran\u00e7ois rencontrait le sultan al-K\u00e3mil en signe de paix. Il envoya les premiers fr\u00e8res au Maroc. Depuis lors, la pr\u00e9sence des franciscains dans le pays a toujours rencontr\u00e9 un grand respect. Au Maroc, les Fr\u00e8res Mineurs se laissaient mettre en prison pour donner du courage aux d\u00e9tenus dans les prisons. Deux d\u2019entre eux ont \u00e9t\u00e9 martyris\u00e9s. R\u00e9cemment, le vicaire g\u00e9n\u00e9ral de Tanger a retrouv\u00e9 dans les biblioth\u00e8ques espagnoles et marocaines, plus de 160 lettres \u00e9crites entre les franciscains et les sultans du Maroc, dans lesquelles les sultans expriment leur reconnaissance pour leur travail. Cela montre qu\u2019il y a un profond respect pour l\u2019\u00c9glise Catholique. Le Roi a demand\u00e9 le livre qui recueille les lettres afin de conna\u00eetre cet antique rapport.  <strong>En conclusion, quel terrain commun peut-il y avoir entre chr\u00e9tiens et musulmans ?<\/strong> En commun, il y a Dieu. A celui qui me dit que nous n\u2019avons pas le m\u00eame Dieu, je r\u00e9ponds que ce n\u2019est pas vrai. C\u2019est comme une famille o\u00f9 il y a plusieurs enfants. Avec l\u2019a\u00een\u00e9, le p\u00e8re a peut-\u00eatre \u00e9t\u00e9 plus s\u00e9v\u00e8re afin de le corriger. Le dernier est peut-\u00eatre le pr\u00e9f\u00e9r\u00e9. Si tu demandes aux deux comment est le p\u00e8re, le premier te dira qu\u2019il en a peur, le dernier que c\u2019est un amour de p\u00e8re. Et pourtant, c\u2019est le m\u00eame p\u00e8re vu sous des angles diff\u00e9rents. <\/p>\n<p style=\"text-align: right;\"><em>Claudia Di Lorenzi<\/em><\/p>\n","protected":false},"excerpt":{"rendered":"<p>\u2018\u2019A Dieu, il importe que nous soyons hommes et que nous vivions l\u2019amour r\u00e9ciproque\u2019\u2019. Interview \u00e0 Claude Gamble, pionnier des Focolari au Maroc.<\/p>\n","protected":false},"author":24,"featured_media":0,"comment_status":"open","ping_status":"open","sticky":false,"template":"","format":"standard","meta":{"give_campaign_id":0,"_seopress_robots_primary_cat":"","_seopress_titles_title":"","_seopress_titles_desc":"","_seopress_robots_index":"","_et_pb_use_builder":"","_et_pb_old_content":"","_et_gb_content_width":"","footnotes":""},"categories":[47],"tags":[],"class_list":["post-313704","post","type-post","status-publish","format-standard","hentry","category-non-classifiee"],"_links":{"self":[{"href":"https:\/\/www.focolare.org\/fr\/wp-json\/wp\/v2\/posts\/313704","targetHints":{"allow":["GET"]}}],"collection":[{"href":"https:\/\/www.focolare.org\/fr\/wp-json\/wp\/v2\/posts"}],"about":[{"href":"https:\/\/www.focolare.org\/fr\/wp-json\/wp\/v2\/types\/post"}],"author":[{"embeddable":true,"href":"https:\/\/www.focolare.org\/fr\/wp-json\/wp\/v2\/users\/24"}],"replies":[{"embeddable":true,"href":"https:\/\/www.focolare.org\/fr\/wp-json\/wp\/v2\/comments?post=313704"}],"version-history":[{"count":0,"href":"https:\/\/www.focolare.org\/fr\/wp-json\/wp\/v2\/posts\/313704\/revisions"}],"wp:attachment":[{"href":"https:\/\/www.focolare.org\/fr\/wp-json\/wp\/v2\/media?parent=313704"}],"wp:term":[{"taxonomy":"category","embeddable":true,"href":"https:\/\/www.focolare.org\/fr\/wp-json\/wp\/v2\/categories?post=313704"},{"taxonomy":"post_tag","embeddable":true,"href":"https:\/\/www.focolare.org\/fr\/wp-json\/wp\/v2\/tags?post=313704"}],"curies":[{"name":"wp","href":"https:\/\/api.w.org\/{rel}","templated":true}]}}