{"id":313732,"date":"2019-04-22T20:10:30","date_gmt":"2019-04-22T18:10:30","guid":{"rendered":"https:\/\/www.focolare.org\/vous-aussi-vous-devez-vous-laver-les-pieds-les-uns-aux-autres\/"},"modified":"2024-05-15T20:58:49","modified_gmt":"2024-05-15T18:58:49","slug":"vous-aussi-vous-devez-vous-laver-les-pieds-les-uns-aux-autres","status":"publish","type":"post","link":"https:\/\/www.focolare.org\/fr\/vous-aussi-vous-devez-vous-laver-les-pieds-les-uns-aux-autres\/","title":{"rendered":"\u00ab\u00a0&#8230;.Vous aussi, vous devez vous laver les pieds les uns aux autres.\u00a0\u00bb"},"content":{"rendered":"<p><em>La Parole de Vie d&rsquo;avril 2019 est une invitation claire de J\u00e9sus qui se montre le premier \u00e0 laver les pieds des disciples. Une invitation que nous pouvons tous comprendre et mettre en pratique, dans chaque situation, dans chaque contexte social et culturel.<\/em>  <strong>Le composant manquant<\/strong> Je travaille pour une soci\u00e9t\u00e9 informatique. Depuis des mois, je cherche un composant \u00e9lectronique sp\u00e9cifique qui r\u00e9duirait consid\u00e9rablement le co\u00fbt d&rsquo;un produit, mais aucun fournisseur ne l&rsquo;a trouv\u00e9 pour moi. C&rsquo;est pourquoi j&rsquo;ai d\u00e9cid\u00e9 de le r\u00e9aliser moi-m\u00eame, et d\u2019annoncer lors la notre r\u00e9union hebdomadaire, le report d&rsquo;une semaine de la livraison, enraison de l\u2019importance de ce travail. Mais au cours de cette rencontre un coll\u00e8gue qui traversait un moment familial difficile nous a dit qu&rsquo;il n&rsquo;avait pas \u00e9t\u00e9 en mesure de terminer un travail qui lui avait \u00e9t\u00e9 confi\u00e9. Le directeur g\u00e9n\u00e9ral a commenc\u00e9 \u00e0 lui faire des reproches, alors j&rsquo;ai propos\u00e9 de terminer ce travail \u00e0 sa place. Tout de suite apr\u00e8s, j&rsquo;ai pens\u00e9 que je n&rsquo;aurais plus le temps de terminer mon projet et que j\u2019arriverais toujours en retard \u00e0 la maison. Mais quand je suis retourn\u00e9 \u00e0 mon bureau, je me suis retrouv\u00e9 avec un fournisseur en train de m\u2019attendre et qui, sans rendez-vous, \u00e9tait venu m&rsquo;apporter exactement le composant que je cherchais. (M. A. &#8211; Italie)  <strong>Dans la cour de l\u2019immeuble<\/strong> De nombreux gar\u00e7ons du quartier jouent dans la cour de la copropri\u00e9t\u00e9 o\u00f9 nous vivons. Parmi eux il y a Robert, un gar\u00e7on mal dans sa peau, qui passe son temps \u00e0 errer dans les rues et se dispute souvent avec les autres. Nous avons appris que ses parents n&rsquo;ont pas de temps pour lui et qu&rsquo;il est lui-m\u00eame suivi par un psychiatre. Un jour, alors que les querelles reprenaient, ma femme et moi sommes descendus dans la cour et avons invit\u00e9 Robert \u00e0 venir chez nous, o\u00f9 il a jou\u00e9 jusqu&rsquo;au soir avec nos deux enfants, plus jeunes que lui. Les jours suivants, quand la situation devenait difficile, ils l\u2019invitaient \u00e0 venir chez nous. Nous avons appris plus tard que Robert avait racont\u00e9 au psychiatre comment il passait ses apr\u00e8s-midis. Depuis qu&rsquo;il vient \u00e0 la maison, son comportement s&rsquo;est am\u00e9lior\u00e9 au point point qu&rsquo;il a pu arr\u00eater de prendre ses m\u00e9dicaments. (D. H. &#8211; Usa)  <strong>L\u2019\u0153uf de P\u00e2ques<\/strong> Alors que je dis au revoir \u00e0 un ami malade que j&rsquo;\u00e9tais all\u00e9 voir, ma femme me donne un \u0153uf de P\u00e2ques pour mon fils C\u00e9sar. De retour \u00e0 la maison, je le vois en train de jouer avec un petit-fils qui vient souvent nous voir \u00e0 cause du climat difficile qui r\u00e8gne dans sa famille. Je fais un clin d\u2019\u0153il \u00e0 mon fils et mets l&rsquo;\u0153uf entre les mains de son cousin, qui s\u2019en trouve tr\u00e8s heureux. C\u00e9sar joue le jeu, puis quand nous sommes seuls, je lui explique qu\u2019en donnant on se sent plus proches de J\u00e9sus. L&rsquo;apr\u00e8s-midi, sa grand-m\u00e8re arrive avec un \u0153uf de P\u00e2ques encore plus gros. Heureux, C\u00e9sar me dit : \u00ab\u00a0Papa, pourquoi ne pas dire ce secret \u00e0 tout le monde ?\u00a0\u00bb. (Z. C. &#8211; Italie)  <strong>Une grande famille<\/strong> Apr\u00e8s de nombreuses tentatives, un immigrant africain que nous avions accueilli dans la paroisse avait aussi r\u00e9ussi \u00e0 faire venir d\u2019Afrique sa femme et ses six enfants, mais il leur manquait tout ce dont ils avaient besoin. Leur habitation \u00e9tait encore en chantier et il n&rsquo;y avait pas d&rsquo;\u00e9lectricit\u00e9. J&rsquo;ai donc propos\u00e9 de laver leur linge et d&rsquo;autres ont offert leur disponibilit\u00e9 pour la nourriture et d&rsquo;autres besoins. Ces fr\u00e8res ont \u00e9prouv\u00e9 la joie d&rsquo;avoir retrouv\u00e9 la grande famille qu&rsquo;ils pensaient avoir perdue \u00e0 jamais en quittant leur pays. (F. F. &#8211; Belgique) <\/p>\n<p style=\"text-align: right;\"><em>Propos recueillis par Chiara Favotti<\/em><\/p>\n","protected":false},"excerpt":{"rendered":"<p>La Parole de Vie d&rsquo;avril 2019 est une invitation claire de J\u00e9sus qui se montre le premier \u00e0 laver les pieds des disciples. Une invitation que nous pouvons tous comprendre et mettre en pratique, dans chaque situation, dans chaque contexte social et culturel.<\/p>\n","protected":false},"author":27,"featured_media":0,"comment_status":"open","ping_status":"open","sticky":false,"template":"","format":"standard","meta":{"give_campaign_id":0,"_seopress_robots_primary_cat":"","_seopress_titles_title":"","_seopress_titles_desc":"","_seopress_robots_index":"","_et_pb_use_builder":"","_et_pb_old_content":"","_et_gb_content_width":"","footnotes":""},"categories":[47],"tags":[],"class_list":["post-313732","post","type-post","status-publish","format-standard","hentry","category-non-classifiee"],"_links":{"self":[{"href":"https:\/\/www.focolare.org\/fr\/wp-json\/wp\/v2\/posts\/313732","targetHints":{"allow":["GET"]}}],"collection":[{"href":"https:\/\/www.focolare.org\/fr\/wp-json\/wp\/v2\/posts"}],"about":[{"href":"https:\/\/www.focolare.org\/fr\/wp-json\/wp\/v2\/types\/post"}],"author":[{"embeddable":true,"href":"https:\/\/www.focolare.org\/fr\/wp-json\/wp\/v2\/users\/27"}],"replies":[{"embeddable":true,"href":"https:\/\/www.focolare.org\/fr\/wp-json\/wp\/v2\/comments?post=313732"}],"version-history":[{"count":0,"href":"https:\/\/www.focolare.org\/fr\/wp-json\/wp\/v2\/posts\/313732\/revisions"}],"wp:attachment":[{"href":"https:\/\/www.focolare.org\/fr\/wp-json\/wp\/v2\/media?parent=313732"}],"wp:term":[{"taxonomy":"category","embeddable":true,"href":"https:\/\/www.focolare.org\/fr\/wp-json\/wp\/v2\/categories?post=313732"},{"taxonomy":"post_tag","embeddable":true,"href":"https:\/\/www.focolare.org\/fr\/wp-json\/wp\/v2\/tags?post=313732"}],"curies":[{"name":"wp","href":"https:\/\/api.w.org\/{rel}","templated":true}]}}